{"id":297,"date":"2002-04-16T00:00:00","date_gmt":"2002-04-15T22:00:00","guid":{"rendered":"http:\/\/ifmarinvast.se\/2016\/varfor-staller-ni-inte-upp-pa-konditionstraningarna\/"},"modified":"2015-10-11T14:47:28","modified_gmt":"2015-10-11T12:47:28","slug":"varfor-staller-ni-inte-upp-pa-konditionstraningarna","status":"publish","type":"post","link":"https:\/\/www.ifmarinvast.se\/orientering\/varfor-staller-ni-inte-upp-pa-konditionstraningarna\/","title":{"rendered":"VARF\u00d6R ST\u00c4LLER NI INTE UPP P\u00c5 KONDITIONSTR\u00c4NINGARNA?"},"content":{"rendered":"<p>Har ni gl\u00f6mt bort konditionstr\u00e4ningarna p\u00e5 tisdagar kl 18.00 vid P\u00e5velunds MC? S\u00e5 bra kondition har vi v\u00e4l inte s\u00e5 att vi inte beh\u00f6ver tr\u00e4ningen? Nu \u00e4r det 2 g\u00e5nger kvar p\u00e5 programmet. Sedan tar vi st\u00e4llning till om vi skall forts\u00e4tta eller inte. Kom igen!<\/p>\n","protected":false},"excerpt":{"rendered":"<p>Har ni gl\u00f6mt bort konditionstr\u00e4ningarna p\u00e5 tisdagar kl 18.00 vid P\u00e5velunds MC? S\u00e5 bra kondition har vi v\u00e4l inte s\u00e5 att vi inte beh\u00f6ver tr\u00e4ningen? Nu \u00e4r det 2 g\u00e5nger [&hellip;]<\/p>\n","protected":false},"author":2,"featured_media":0,"comment_status":"open","ping_status":"open","sticky":false,"template":"","format":"standard","meta":{"footnotes":""},"categories":[262,1],"tags":[],"class_list":["post-297","post","type-post","status-publish","format-standard","hentry","category-nyheter","category-okategoriserade"],"_links":{"self":[{"href":"https:\/\/www.ifmarinvast.se\/orientering\/wp-json\/wp\/v2\/posts\/297","targetHints":{"allow":["GET"]}}],"collection":[{"href":"https:\/\/www.ifmarinvast.se\/orientering\/wp-json\/wp\/v2\/posts"}],"about":[{"href":"https:\/\/www.ifmarinvast.se\/orientering\/wp-json\/wp\/v2\/types\/post"}],"author":[{"embeddable":true,"href":"https:\/\/www.ifmarinvast.se\/orientering\/wp-json\/wp\/v2\/users\/2"}],"replies":[{"embeddable":true,"href":"https:\/\/www.ifmarinvast.se\/orientering\/wp-json\/wp\/v2\/comments?post=297"}],"version-history":[{"count":1,"href":"https:\/\/www.ifmarinvast.se\/orientering\/wp-json\/wp\/v2\/posts\/297\/revisions"}],"predecessor-version":[{"id":455,"href":"https:\/\/www.ifmarinvast.se\/orientering\/wp-json\/wp\/v2\/posts\/297\/revisions\/455"}],"wp:attachment":[{"href":"https:\/\/www.ifmarinvast.se\/orientering\/wp-json\/wp\/v2\/media?parent=297"}],"wp:term":[{"taxonomy":"category","embeddable":true,"href":"https:\/\/www.ifmarinvast.se\/orientering\/wp-json\/wp\/v2\/categories?post=297"},{"taxonomy":"post_tag","embeddable":true,"href":"https:\/\/www.ifmarinvast.se\/orientering\/wp-json\/wp\/v2\/tags?post=297"}],"curies":[{"name":"wp","href":"https:\/\/api.w.org\/{rel}","templated":true}]}}