{"id":296,"date":"2002-04-14T00:00:00","date_gmt":"2002-04-13T22:00:00","guid":{"rendered":"http:\/\/ifmarinvast.se\/2016\/gemensamt-boende-under-o-ringen\/"},"modified":"2015-10-11T14:47:28","modified_gmt":"2015-10-11T12:47:28","slug":"gemensamt-boende-under-o-ringen","status":"publish","type":"post","link":"https:\/\/www.ifmarinvast.se\/orientering\/gemensamt-boende-under-o-ringen\/","title":{"rendered":"Gemensamt boende under O-Ringen"},"content":{"rendered":"<p>\u00c4ven i \u00e5r skall vi f\u00f6rs\u00f6ka samla klubbens l\u00f6pare i ett gemensamt boende under O-Ringen. L\u00e4s Kerstins f\u00f6rslag och anm\u00e4l ditt intresse p\u00e5 v\u00e5r <a href='http:\/\/www.ifmv.nu\/aktuellt\/oringen.asp'>O-Ringensida<\/a>.<\/p>\n","protected":false},"excerpt":{"rendered":"<p>\u00c4ven i \u00e5r skall vi f\u00f6rs\u00f6ka samla klubbens l\u00f6pare i ett gemensamt boende under O-Ringen. L\u00e4s Kerstins f\u00f6rslag och anm\u00e4l ditt intresse p\u00e5 v\u00e5r O-Ringensida.<\/p>\n","protected":false},"author":2,"featured_media":0,"comment_status":"open","ping_status":"open","sticky":false,"template":"","format":"standard","meta":{"footnotes":""},"categories":[262,1],"tags":[],"class_list":["post-296","post","type-post","status-publish","format-standard","hentry","category-nyheter","category-okategoriserade"],"_links":{"self":[{"href":"https:\/\/www.ifmarinvast.se\/orientering\/wp-json\/wp\/v2\/posts\/296","targetHints":{"allow":["GET"]}}],"collection":[{"href":"https:\/\/www.ifmarinvast.se\/orientering\/wp-json\/wp\/v2\/posts"}],"about":[{"href":"https:\/\/www.ifmarinvast.se\/orientering\/wp-json\/wp\/v2\/types\/post"}],"author":[{"embeddable":true,"href":"https:\/\/www.ifmarinvast.se\/orientering\/wp-json\/wp\/v2\/users\/2"}],"replies":[{"embeddable":true,"href":"https:\/\/www.ifmarinvast.se\/orientering\/wp-json\/wp\/v2\/comments?post=296"}],"version-history":[{"count":2,"href":"https:\/\/www.ifmarinvast.se\/orientering\/wp-json\/wp\/v2\/posts\/296\/revisions"}],"predecessor-version":[{"id":1597,"href":"https:\/\/www.ifmarinvast.se\/orientering\/wp-json\/wp\/v2\/posts\/296\/revisions\/1597"}],"wp:attachment":[{"href":"https:\/\/www.ifmarinvast.se\/orientering\/wp-json\/wp\/v2\/media?parent=296"}],"wp:term":[{"taxonomy":"category","embeddable":true,"href":"https:\/\/www.ifmarinvast.se\/orientering\/wp-json\/wp\/v2\/categories?post=296"},{"taxonomy":"post_tag","embeddable":true,"href":"https:\/\/www.ifmarinvast.se\/orientering\/wp-json\/wp\/v2\/tags?post=296"}],"curies":[{"name":"wp","href":"https:\/\/api.w.org\/{rel}","templated":true}]}}