{"id":293,"date":"2002-03-30T00:00:00","date_gmt":"2002-03-29T23:00:00","guid":{"rendered":"http:\/\/ifmarinvast.se\/2016\/193\/"},"modified":"2015-10-11T14:47:28","modified_gmt":"2015-10-11T12:47:28","slug":"193","status":"publish","type":"post","link":"https:\/\/www.ifmarinvast.se\/orientering\/193\/","title":{"rendered":"Nu har inbjudningarna kommit till alla v\u00e5rens t\u00e4&#8230;"},"content":{"rendered":"<p>Nu har inbjudningarna kommit till alla v\u00e5rens t\u00e4vlingar. I <a href='http:\/\/www.ifmv.nu\/tavling\/'>t\u00e4vlingskalendern<\/a> finns en l\u00e4nk f\u00f6r att anm\u00e4la sig via email direkt till Bengt Dellming. P\u00e5 startsidan finns en &#8217;Dags att anm\u00e4la&#8217;-ruta som visar de t\u00e4vlingar vars anm\u00e4lningstid g\u00e5r ut inom en vecka.<\/p>\n","protected":false},"excerpt":{"rendered":"<p>Nu har inbjudningarna kommit till alla v\u00e5rens t\u00e4vlingar. I t\u00e4vlingskalendern finns en l\u00e4nk f\u00f6r att anm\u00e4la sig via email direkt till Bengt Dellming. P\u00e5 startsidan finns en &#8217;Dags att anm\u00e4la&#8217;-ruta [&hellip;]<\/p>\n","protected":false},"author":2,"featured_media":0,"comment_status":"open","ping_status":"open","sticky":false,"template":"","format":"standard","meta":{"footnotes":""},"categories":[262,1],"tags":[],"class_list":["post-293","post","type-post","status-publish","format-standard","hentry","category-nyheter","category-okategoriserade"],"_links":{"self":[{"href":"https:\/\/www.ifmarinvast.se\/orientering\/wp-json\/wp\/v2\/posts\/293","targetHints":{"allow":["GET"]}}],"collection":[{"href":"https:\/\/www.ifmarinvast.se\/orientering\/wp-json\/wp\/v2\/posts"}],"about":[{"href":"https:\/\/www.ifmarinvast.se\/orientering\/wp-json\/wp\/v2\/types\/post"}],"author":[{"embeddable":true,"href":"https:\/\/www.ifmarinvast.se\/orientering\/wp-json\/wp\/v2\/users\/2"}],"replies":[{"embeddable":true,"href":"https:\/\/www.ifmarinvast.se\/orientering\/wp-json\/wp\/v2\/comments?post=293"}],"version-history":[{"count":2,"href":"https:\/\/www.ifmarinvast.se\/orientering\/wp-json\/wp\/v2\/posts\/293\/revisions"}],"predecessor-version":[{"id":1596,"href":"https:\/\/www.ifmarinvast.se\/orientering\/wp-json\/wp\/v2\/posts\/293\/revisions\/1596"}],"wp:attachment":[{"href":"https:\/\/www.ifmarinvast.se\/orientering\/wp-json\/wp\/v2\/media?parent=293"}],"wp:term":[{"taxonomy":"category","embeddable":true,"href":"https:\/\/www.ifmarinvast.se\/orientering\/wp-json\/wp\/v2\/categories?post=293"},{"taxonomy":"post_tag","embeddable":true,"href":"https:\/\/www.ifmarinvast.se\/orientering\/wp-json\/wp\/v2\/tags?post=293"}],"curies":[{"name":"wp","href":"https:\/\/api.w.org\/{rel}","templated":true}]}}