{"id":287,"date":"2002-03-09T00:00:00","date_gmt":"2002-03-08T23:00:00","guid":{"rendered":"http:\/\/ifmarinvast.se\/2016\/inga-foranmalningar-till-sjovallas-tavling-17-mars\/"},"modified":"2015-10-11T14:47:39","modified_gmt":"2015-10-11T12:47:39","slug":"inga-foranmalningar-till-sjovallas-tavling-17-mars","status":"publish","type":"post","link":"https:\/\/www.ifmarinvast.se\/orientering\/inga-foranmalningar-till-sjovallas-tavling-17-mars\/","title":{"rendered":"INGA F\u00d6RANM\u00c4LNINGAR TILL SJ\u00d6VALLAS T\u00c4VLING 17 MARS"},"content":{"rendered":"<p>Alla som deltar p\u00e5 Sj\u00f6vallas t\u00e4vling 17 mars skall springa direktbana\/\u00f6ppen klass. Informationen till medlemmarna gick ut f\u00f6r sent f\u00f6r att hinna f\u00f6ranm\u00e4la till t\u00e4vlingen i tid. Att efteranm\u00e4la alla vore f\u00f6r dyrt och dessutom vet vi inte om alla kan st\u00e4lla upp.<\/p>\n<p>Betala inte sj\u00e4lva utan l\u00e5t Sj\u00f6valla skicka en faktura till IF Marin V\u00e4st!<\/p>\n","protected":false},"excerpt":{"rendered":"<p>Alla som deltar p\u00e5 Sj\u00f6vallas t\u00e4vling 17 mars skall springa direktbana\/\u00f6ppen klass. Informationen till medlemmarna gick ut f\u00f6r sent f\u00f6r att hinna f\u00f6ranm\u00e4la till t\u00e4vlingen i tid. Att efteranm\u00e4la alla [&hellip;]<\/p>\n","protected":false},"author":2,"featured_media":0,"comment_status":"open","ping_status":"open","sticky":false,"template":"","format":"standard","meta":{"footnotes":""},"categories":[262,1],"tags":[],"class_list":["post-287","post","type-post","status-publish","format-standard","hentry","category-nyheter","category-okategoriserade"],"_links":{"self":[{"href":"https:\/\/www.ifmarinvast.se\/orientering\/wp-json\/wp\/v2\/posts\/287","targetHints":{"allow":["GET"]}}],"collection":[{"href":"https:\/\/www.ifmarinvast.se\/orientering\/wp-json\/wp\/v2\/posts"}],"about":[{"href":"https:\/\/www.ifmarinvast.se\/orientering\/wp-json\/wp\/v2\/types\/post"}],"author":[{"embeddable":true,"href":"https:\/\/www.ifmarinvast.se\/orientering\/wp-json\/wp\/v2\/users\/2"}],"replies":[{"embeddable":true,"href":"https:\/\/www.ifmarinvast.se\/orientering\/wp-json\/wp\/v2\/comments?post=287"}],"version-history":[{"count":1,"href":"https:\/\/www.ifmarinvast.se\/orientering\/wp-json\/wp\/v2\/posts\/287\/revisions"}],"predecessor-version":[{"id":449,"href":"https:\/\/www.ifmarinvast.se\/orientering\/wp-json\/wp\/v2\/posts\/287\/revisions\/449"}],"wp:attachment":[{"href":"https:\/\/www.ifmarinvast.se\/orientering\/wp-json\/wp\/v2\/media?parent=287"}],"wp:term":[{"taxonomy":"category","embeddable":true,"href":"https:\/\/www.ifmarinvast.se\/orientering\/wp-json\/wp\/v2\/categories?post=287"},{"taxonomy":"post_tag","embeddable":true,"href":"https:\/\/www.ifmarinvast.se\/orientering\/wp-json\/wp\/v2\/tags?post=287"}],"curies":[{"name":"wp","href":"https:\/\/api.w.org\/{rel}","templated":true}]}}