{"id":283,"date":"2002-03-06T00:00:00","date_gmt":"2002-03-05T23:00:00","guid":{"rendered":"http:\/\/ifmarinvast.se\/2016\/klubbtraning-i-pavelund-pa-lordag\/"},"modified":"2015-10-11T14:47:40","modified_gmt":"2015-10-11T12:47:40","slug":"klubbtraning-i-pavelund-pa-lordag","status":"publish","type":"post","link":"https:\/\/www.ifmarinvast.se\/orientering\/klubbtraning-i-pavelund-pa-lordag\/","title":{"rendered":"KLUBBTR\u00c4NING I P\u00c5VELUND P\u00c5 L\u00d6RDAG!!!"},"content":{"rendered":"<p>Nu p\u00e5 l\u00f6rdag 9 mars kl 13.00 genomf\u00f6r vi \u00e5rets f\u00f6rsta orienteringstr\u00e4ning f\u00f6r hela klubben. Vi samlas vid P\u00e5velunds Motionscentral.<\/p>\n","protected":false},"excerpt":{"rendered":"<p>Nu p\u00e5 l\u00f6rdag 9 mars kl 13.00 genomf\u00f6r vi \u00e5rets f\u00f6rsta orienteringstr\u00e4ning f\u00f6r hela klubben. Vi samlas vid P\u00e5velunds Motionscentral.<\/p>\n","protected":false},"author":2,"featured_media":0,"comment_status":"open","ping_status":"open","sticky":false,"template":"","format":"standard","meta":{"footnotes":""},"categories":[262,1],"tags":[],"class_list":["post-283","post","type-post","status-publish","format-standard","hentry","category-nyheter","category-okategoriserade"],"_links":{"self":[{"href":"https:\/\/www.ifmarinvast.se\/orientering\/wp-json\/wp\/v2\/posts\/283","targetHints":{"allow":["GET"]}}],"collection":[{"href":"https:\/\/www.ifmarinvast.se\/orientering\/wp-json\/wp\/v2\/posts"}],"about":[{"href":"https:\/\/www.ifmarinvast.se\/orientering\/wp-json\/wp\/v2\/types\/post"}],"author":[{"embeddable":true,"href":"https:\/\/www.ifmarinvast.se\/orientering\/wp-json\/wp\/v2\/users\/2"}],"replies":[{"embeddable":true,"href":"https:\/\/www.ifmarinvast.se\/orientering\/wp-json\/wp\/v2\/comments?post=283"}],"version-history":[{"count":1,"href":"https:\/\/www.ifmarinvast.se\/orientering\/wp-json\/wp\/v2\/posts\/283\/revisions"}],"predecessor-version":[{"id":447,"href":"https:\/\/www.ifmarinvast.se\/orientering\/wp-json\/wp\/v2\/posts\/283\/revisions\/447"}],"wp:attachment":[{"href":"https:\/\/www.ifmarinvast.se\/orientering\/wp-json\/wp\/v2\/media?parent=283"}],"wp:term":[{"taxonomy":"category","embeddable":true,"href":"https:\/\/www.ifmarinvast.se\/orientering\/wp-json\/wp\/v2\/categories?post=283"},{"taxonomy":"post_tag","embeddable":true,"href":"https:\/\/www.ifmarinvast.se\/orientering\/wp-json\/wp\/v2\/tags?post=283"}],"curies":[{"name":"wp","href":"https:\/\/api.w.org\/{rel}","templated":true}]}}