{"id":280,"date":"2002-02-21T00:00:00","date_gmt":"2002-02-20T23:00:00","guid":{"rendered":"http:\/\/ifmarinvast.se\/2016\/180\/"},"modified":"2015-10-11T14:47:40","modified_gmt":"2015-10-11T12:47:40","slug":"180","status":"publish","type":"post","link":"https:\/\/www.ifmarinvast.se\/orientering\/180\/","title":{"rendered":"P\u00e5 l\u00f6rdag \u00e4r det dags f\u00f6r \u00e5rets andra GOF-upp&#8230;"},"content":{"rendered":"<p>P\u00e5 l\u00f6rdag \u00e4r det dags f\u00f6r \u00e5rets andra GOF-uppf\u00f6ljningstr\u00e4ff f\u00f6r TR och T\u00c4.<\/p>\n<p>Vi samlas p\u00e5 Kamratg\u00e5rden (ligger n\u00e4ra Delsj\u00f6n, infart fr\u00e5n Delsj\u00f6v\u00e4gen p\u00e5 T\u00f6pelsgatan) kl 11.00.<br \/>Det blir tr\u00e4ning i Delsj\u00f6terr\u00e4ngen &#8211; ta med Sportident-brickan, IFK G\u00f6teborg som arrangerar f\u00f6rs\u00f6ker fixa elektronisk st\u00e4mpling.<br \/>Sedan fika, information fr\u00e5n GOF-uppf\u00f6ljarna och f\u00f6redrag\/fr\u00e5gestund med landslagstjejen Jenny Borgstr\u00f6m.<\/p>\n","protected":false},"excerpt":{"rendered":"<p>P\u00e5 l\u00f6rdag \u00e4r det dags f\u00f6r \u00e5rets andra GOF-uppf\u00f6ljningstr\u00e4ff f\u00f6r TR och T\u00c4. Vi samlas p\u00e5 Kamratg\u00e5rden (ligger n\u00e4ra Delsj\u00f6n, infart fr\u00e5n Delsj\u00f6v\u00e4gen p\u00e5 T\u00f6pelsgatan) kl 11.00.Det blir tr\u00e4ning i [&hellip;]<\/p>\n","protected":false},"author":2,"featured_media":0,"comment_status":"open","ping_status":"open","sticky":false,"template":"","format":"standard","meta":{"footnotes":""},"categories":[262,1],"tags":[],"class_list":["post-280","post","type-post","status-publish","format-standard","hentry","category-nyheter","category-okategoriserade"],"_links":{"self":[{"href":"https:\/\/www.ifmarinvast.se\/orientering\/wp-json\/wp\/v2\/posts\/280","targetHints":{"allow":["GET"]}}],"collection":[{"href":"https:\/\/www.ifmarinvast.se\/orientering\/wp-json\/wp\/v2\/posts"}],"about":[{"href":"https:\/\/www.ifmarinvast.se\/orientering\/wp-json\/wp\/v2\/types\/post"}],"author":[{"embeddable":true,"href":"https:\/\/www.ifmarinvast.se\/orientering\/wp-json\/wp\/v2\/users\/2"}],"replies":[{"embeddable":true,"href":"https:\/\/www.ifmarinvast.se\/orientering\/wp-json\/wp\/v2\/comments?post=280"}],"version-history":[{"count":2,"href":"https:\/\/www.ifmarinvast.se\/orientering\/wp-json\/wp\/v2\/posts\/280\/revisions"}],"predecessor-version":[{"id":1592,"href":"https:\/\/www.ifmarinvast.se\/orientering\/wp-json\/wp\/v2\/posts\/280\/revisions\/1592"}],"wp:attachment":[{"href":"https:\/\/www.ifmarinvast.se\/orientering\/wp-json\/wp\/v2\/media?parent=280"}],"wp:term":[{"taxonomy":"category","embeddable":true,"href":"https:\/\/www.ifmarinvast.se\/orientering\/wp-json\/wp\/v2\/categories?post=280"},{"taxonomy":"post_tag","embeddable":true,"href":"https:\/\/www.ifmarinvast.se\/orientering\/wp-json\/wp\/v2\/tags?post=280"}],"curies":[{"name":"wp","href":"https:\/\/api.w.org\/{rel}","templated":true}]}}