{"id":278,"date":"2002-02-18T00:00:00","date_gmt":"2002-02-17T23:00:00","guid":{"rendered":"http:\/\/ifmarinvast.se\/2016\/ol-nartavling\/"},"modified":"2015-10-11T14:47:40","modified_gmt":"2015-10-11T12:47:40","slug":"ol-nartavling","status":"publish","type":"post","link":"https:\/\/www.ifmarinvast.se\/orientering\/ol-nartavling\/","title":{"rendered":"OL-N\u00e4rt\u00e4vling"},"content":{"rendered":"<p>Ta chansen och spring v\u00e5rens f\u00f6rsta t\u00e4vling som IK Uven anordnar i Lindome.<\/p>\n<p>S\u00f6ndag 24 feb, start mellan 10 och 11.30. <br \/>Ingen f\u00f6ranm\u00e4lan, anm\u00e4lan sker p\u00e5 plats. <\/p>\n<p>Jag kommer \u00e5ka bil dit kl. 09.00 fr\u00e5n P\u00e5velund, ring 0708-770103 senast dagen innan om ni vill \u00e5ka med.<\/p>\n","protected":false},"excerpt":{"rendered":"<p>Ta chansen och spring v\u00e5rens f\u00f6rsta t\u00e4vling som IK Uven anordnar i Lindome. S\u00f6ndag 24 feb, start mellan 10 och 11.30. Ingen f\u00f6ranm\u00e4lan, anm\u00e4lan sker p\u00e5 plats. Jag kommer \u00e5ka [&hellip;]<\/p>\n","protected":false},"author":2,"featured_media":0,"comment_status":"open","ping_status":"open","sticky":false,"template":"","format":"standard","meta":{"footnotes":""},"categories":[262,1],"tags":[],"class_list":["post-278","post","type-post","status-publish","format-standard","hentry","category-nyheter","category-okategoriserade"],"_links":{"self":[{"href":"https:\/\/www.ifmarinvast.se\/orientering\/wp-json\/wp\/v2\/posts\/278","targetHints":{"allow":["GET"]}}],"collection":[{"href":"https:\/\/www.ifmarinvast.se\/orientering\/wp-json\/wp\/v2\/posts"}],"about":[{"href":"https:\/\/www.ifmarinvast.se\/orientering\/wp-json\/wp\/v2\/types\/post"}],"author":[{"embeddable":true,"href":"https:\/\/www.ifmarinvast.se\/orientering\/wp-json\/wp\/v2\/users\/2"}],"replies":[{"embeddable":true,"href":"https:\/\/www.ifmarinvast.se\/orientering\/wp-json\/wp\/v2\/comments?post=278"}],"version-history":[{"count":1,"href":"https:\/\/www.ifmarinvast.se\/orientering\/wp-json\/wp\/v2\/posts\/278\/revisions"}],"predecessor-version":[{"id":443,"href":"https:\/\/www.ifmarinvast.se\/orientering\/wp-json\/wp\/v2\/posts\/278\/revisions\/443"}],"wp:attachment":[{"href":"https:\/\/www.ifmarinvast.se\/orientering\/wp-json\/wp\/v2\/media?parent=278"}],"wp:term":[{"taxonomy":"category","embeddable":true,"href":"https:\/\/www.ifmarinvast.se\/orientering\/wp-json\/wp\/v2\/categories?post=278"},{"taxonomy":"post_tag","embeddable":true,"href":"https:\/\/www.ifmarinvast.se\/orientering\/wp-json\/wp\/v2\/tags?post=278"}],"curies":[{"name":"wp","href":"https:\/\/api.w.org\/{rel}","templated":true}]}}