{"id":2740,"date":"2012-11-25T17:13:34","date_gmt":"2012-11-25T16:13:34","guid":{"rendered":"http:\/\/www.ifmarinvast.se\/orientering\/?p=2740"},"modified":"2015-10-11T14:38:25","modified_gmt":"2015-10-11T12:38:25","slug":"if-marin-vast-70-ar","status":"publish","type":"post","link":"https:\/\/www.ifmarinvast.se\/orientering\/if-marin-vast-70-ar\/","title":{"rendered":"IF Marin V\u00e4st 70 \u00e5r"},"content":{"rendered":"<p><strong>IF Marin V\u00e4st bildades 1942 och firade 70 \u00e5r med fest p\u00e5 Flottans m\u00e4n 6 november. Se alla bilder fr\u00e5n festen. <\/strong><\/p>\n<p>IF Marin V\u00e4st bildades 1942 och firade 70 \u00e5r med fest p\u00e5 Flottans m\u00e4n 6 november.<\/p>\n<div class=\"PageBodyDiv\">\n<div>\n<div>\n<div>\n<div>Alla nuvarande och tidigare medlemmar i IF Marin V\u00e4st var bjudna.<\/div>\n<div>Innan festen hade orienteringssektionen julavslutning med\u00a0 traditionsenlig utdelning av utm\u00e4rkelser, trevliga tal och summering av \u00e5ret som g\u00e5tt.<\/div>\n<div>H\u00e4r finns alla bilderna fr\u00e5n v\u00e5rt firande:<\/div>\n<\/div>\n<p><a href=\"http:\/\/ifmarinvast.se\/foton\/ifmv70\" target=\"_blank\">http:\/\/ifmarinvast.se\/foton\/ifmv70<\/a><\/p>\n<\/div>\n<\/div>\n<\/div>\n","protected":false},"excerpt":{"rendered":"<p>IF Marin V\u00e4st bildades 1942 och firade 70 \u00e5r med fest p\u00e5 Flottans m\u00e4n 6 november. Se alla bilder fr\u00e5n festen. IF Marin V\u00e4st bildades 1942 och firade 70 \u00e5r [&hellip;]<\/p>\n","protected":false},"author":1,"featured_media":0,"comment_status":"open","ping_status":"open","sticky":false,"template":"","format":"standard","meta":{"footnotes":""},"categories":[262,1],"tags":[],"class_list":["post-2740","post","type-post","status-publish","format-standard","hentry","category-nyheter","category-okategoriserade"],"_links":{"self":[{"href":"https:\/\/www.ifmarinvast.se\/orientering\/wp-json\/wp\/v2\/posts\/2740","targetHints":{"allow":["GET"]}}],"collection":[{"href":"https:\/\/www.ifmarinvast.se\/orientering\/wp-json\/wp\/v2\/posts"}],"about":[{"href":"https:\/\/www.ifmarinvast.se\/orientering\/wp-json\/wp\/v2\/types\/post"}],"author":[{"embeddable":true,"href":"https:\/\/www.ifmarinvast.se\/orientering\/wp-json\/wp\/v2\/users\/1"}],"replies":[{"embeddable":true,"href":"https:\/\/www.ifmarinvast.se\/orientering\/wp-json\/wp\/v2\/comments?post=2740"}],"version-history":[{"count":1,"href":"https:\/\/www.ifmarinvast.se\/orientering\/wp-json\/wp\/v2\/posts\/2740\/revisions"}],"predecessor-version":[{"id":2741,"href":"https:\/\/www.ifmarinvast.se\/orientering\/wp-json\/wp\/v2\/posts\/2740\/revisions\/2741"}],"wp:attachment":[{"href":"https:\/\/www.ifmarinvast.se\/orientering\/wp-json\/wp\/v2\/media?parent=2740"}],"wp:term":[{"taxonomy":"category","embeddable":true,"href":"https:\/\/www.ifmarinvast.se\/orientering\/wp-json\/wp\/v2\/categories?post=2740"},{"taxonomy":"post_tag","embeddable":true,"href":"https:\/\/www.ifmarinvast.se\/orientering\/wp-json\/wp\/v2\/tags?post=2740"}],"curies":[{"name":"wp","href":"https:\/\/api.w.org\/{rel}","templated":true}]}}