{"id":2738,"date":"2011-08-30T20:55:55","date_gmt":"2011-08-30T18:55:55","guid":{"rendered":"http:\/\/www.ifmarinvast.se\/orientering\/?p=2738"},"modified":"2015-10-11T14:38:25","modified_gmt":"2015-10-11T12:38:25","slug":"nya-klubbstandaret-pa-plats","status":"publish","type":"post","link":"https:\/\/www.ifmarinvast.se\/orientering\/nya-klubbstandaret-pa-plats\/","title":{"rendered":"Nya klubbstandaret p\u00e5 plats"},"content":{"rendered":"<p><strong>Nu kan klubben stoltsera med ett alldeles nytt och fr\u00e4scht klubbstandar. <\/strong><\/p>\n<div>\n<div>\n<p>Det invigdes p\u00e5\u00a0medlems- och f\u00f6r\u00e4ldram\u00f6tet 23 augusti i klubbstugan.<\/p>\n<p>Nu blir det enklare att hitta varandra p\u00e5 t\u00e4vlingarna.<\/p>\n<p>Det gamla trasiga standaret som varit med i m\u00e5nga \u00e5r g\u00e5r nu i pension.<\/p>\n<p><img decoding=\"async\" src=\"http:\/\/www5.idrottonline.se\/ImageVaultFiles\/id_420380\/cf_83090\/standar-webb3.jpg\" alt=\"standar-webb3\" \/><\/p>\n<p><img decoding=\"async\" src=\"http:\/\/www5.idrottonline.se\/ImageVaultFiles\/id_420379\/cf_83090\/stadar-webb2.jpg\" alt=\"stadar-webb2\" \/><\/p>\n<p>Foto: Linda Martinsson och Klas Eriksson<\/p>\n<\/div>\n<\/div>\n","protected":false},"excerpt":{"rendered":"<p>Nu kan klubben stoltsera med ett alldeles nytt och fr\u00e4scht klubbstandar. Det invigdes p\u00e5\u00a0medlems- och f\u00f6r\u00e4ldram\u00f6tet 23 augusti i klubbstugan. Nu blir det enklare att hitta varandra p\u00e5 t\u00e4vlingarna. Det [&hellip;]<\/p>\n","protected":false},"author":1,"featured_media":0,"comment_status":"open","ping_status":"open","sticky":false,"template":"","format":"standard","meta":{"footnotes":""},"categories":[262,1],"tags":[],"class_list":["post-2738","post","type-post","status-publish","format-standard","hentry","category-nyheter","category-okategoriserade"],"_links":{"self":[{"href":"https:\/\/www.ifmarinvast.se\/orientering\/wp-json\/wp\/v2\/posts\/2738","targetHints":{"allow":["GET"]}}],"collection":[{"href":"https:\/\/www.ifmarinvast.se\/orientering\/wp-json\/wp\/v2\/posts"}],"about":[{"href":"https:\/\/www.ifmarinvast.se\/orientering\/wp-json\/wp\/v2\/types\/post"}],"author":[{"embeddable":true,"href":"https:\/\/www.ifmarinvast.se\/orientering\/wp-json\/wp\/v2\/users\/1"}],"replies":[{"embeddable":true,"href":"https:\/\/www.ifmarinvast.se\/orientering\/wp-json\/wp\/v2\/comments?post=2738"}],"version-history":[{"count":1,"href":"https:\/\/www.ifmarinvast.se\/orientering\/wp-json\/wp\/v2\/posts\/2738\/revisions"}],"predecessor-version":[{"id":2739,"href":"https:\/\/www.ifmarinvast.se\/orientering\/wp-json\/wp\/v2\/posts\/2738\/revisions\/2739"}],"wp:attachment":[{"href":"https:\/\/www.ifmarinvast.se\/orientering\/wp-json\/wp\/v2\/media?parent=2738"}],"wp:term":[{"taxonomy":"category","embeddable":true,"href":"https:\/\/www.ifmarinvast.se\/orientering\/wp-json\/wp\/v2\/categories?post=2738"},{"taxonomy":"post_tag","embeddable":true,"href":"https:\/\/www.ifmarinvast.se\/orientering\/wp-json\/wp\/v2\/tags?post=2738"}],"curies":[{"name":"wp","href":"https:\/\/api.w.org\/{rel}","templated":true}]}}