{"id":2733,"date":"2010-09-27T21:28:51","date_gmt":"2010-09-27T19:28:51","guid":{"rendered":"http:\/\/www.ifmarinvast.se\/orientering\/?p=2733"},"modified":"2015-10-11T14:38:25","modified_gmt":"2015-10-11T12:38:25","slug":"kansolagret-2010","status":"publish","type":"post","link":"https:\/\/www.ifmarinvast.se\/orientering\/kansolagret-2010\/","title":{"rendered":"K\u00e4ns\u00f6l\u00e4gret 2010"},"content":{"rendered":"<p><strong>K\u00e4ns\u00f6-l\u00e4gret blev lika h\u00e4rligt som vanligt! Vi var taggade och K\u00e4ns\u00f6 var faktiskt mindre taggigt, f\u00f6r man hade r\u00f6jt bort en del sn\u00e5r. <\/strong><\/p>\n<div>\n<div>\n<p>Vi orienterade f\u00f6rst\u00e5s men sumpade sumpfotbollen och hoppade doppet. Det var trevligt.<\/p>\n<p><a href=\"http:\/\/picasaweb.google.com\/IFMV.orientering\/Kanso2426September2010?authkey=Gv1sRgCPfDg_j4s6XJYQ#\">Se bilder fr\u00e5n l\u00e4gret &gt;&gt;<\/a><\/p>\n<p>Text och foto: Evelina Eriksson<\/p>\n<\/div>\n<\/div>\n","protected":false},"excerpt":{"rendered":"<p>K\u00e4ns\u00f6-l\u00e4gret blev lika h\u00e4rligt som vanligt! Vi var taggade och K\u00e4ns\u00f6 var faktiskt mindre taggigt, f\u00f6r man hade r\u00f6jt bort en del sn\u00e5r. Vi orienterade f\u00f6rst\u00e5s men sumpade sumpfotbollen och [&hellip;]<\/p>\n","protected":false},"author":1,"featured_media":2734,"comment_status":"open","ping_status":"open","sticky":false,"template":"","format":"standard","meta":{"footnotes":""},"categories":[262,1],"tags":[],"class_list":["post-2733","post","type-post","status-publish","format-standard","has-post-thumbnail","hentry","category-nyheter","category-okategoriserade"],"_links":{"self":[{"href":"https:\/\/www.ifmarinvast.se\/orientering\/wp-json\/wp\/v2\/posts\/2733","targetHints":{"allow":["GET"]}}],"collection":[{"href":"https:\/\/www.ifmarinvast.se\/orientering\/wp-json\/wp\/v2\/posts"}],"about":[{"href":"https:\/\/www.ifmarinvast.se\/orientering\/wp-json\/wp\/v2\/types\/post"}],"author":[{"embeddable":true,"href":"https:\/\/www.ifmarinvast.se\/orientering\/wp-json\/wp\/v2\/users\/1"}],"replies":[{"embeddable":true,"href":"https:\/\/www.ifmarinvast.se\/orientering\/wp-json\/wp\/v2\/comments?post=2733"}],"version-history":[{"count":1,"href":"https:\/\/www.ifmarinvast.se\/orientering\/wp-json\/wp\/v2\/posts\/2733\/revisions"}],"predecessor-version":[{"id":2735,"href":"https:\/\/www.ifmarinvast.se\/orientering\/wp-json\/wp\/v2\/posts\/2733\/revisions\/2735"}],"wp:featuredmedia":[{"embeddable":true,"href":"https:\/\/www.ifmarinvast.se\/orientering\/wp-json\/wp\/v2\/media\/2734"}],"wp:attachment":[{"href":"https:\/\/www.ifmarinvast.se\/orientering\/wp-json\/wp\/v2\/media?parent=2733"}],"wp:term":[{"taxonomy":"category","embeddable":true,"href":"https:\/\/www.ifmarinvast.se\/orientering\/wp-json\/wp\/v2\/categories?post=2733"},{"taxonomy":"post_tag","embeddable":true,"href":"https:\/\/www.ifmarinvast.se\/orientering\/wp-json\/wp\/v2\/tags?post=2733"}],"curies":[{"name":"wp","href":"https:\/\/api.w.org\/{rel}","templated":true}]}}