{"id":2730,"date":"2010-07-25T17:16:13","date_gmt":"2010-07-25T15:16:13","guid":{"rendered":"http:\/\/www.ifmarinvast.se\/orientering\/?p=2730"},"modified":"2015-10-11T14:38:26","modified_gmt":"2015-10-11T12:38:26","slug":"o-ringen-2010","status":"publish","type":"post","link":"https:\/\/www.ifmarinvast.se\/orientering\/o-ringen-2010\/","title":{"rendered":"O-ringen 2010"},"content":{"rendered":"<p><strong>Vad h\u00e4nde egentligen under O-ringen i \u00d6rebro? Det hittar du h\u00e4r. <\/strong><\/p>\n<div>\n<div>\n<p>Vad vet vi om \u00d6rebro? Och om att orientera i \u00d6rebro? Inte mycket, visade det sig!<\/p>\n<h4>Etapp 1, s\u00f6ndag<\/h4>\n<p>Efter frukost i v\u00e5rt lyxhus med alla badrummen bar det av till etapp 1 i Kilsbergen.<\/p>\n<p><img decoding=\"async\" src=\"http:\/\/www5.idrottonline.se\/ImageVaultFiles\/id_309549\/cf_95890\/st_edited\/XLpssxdSAdjxQW15-s2W.jpg\" alt=\"Samling vid frukostbordet\" \/><\/p>\n<p>F\u00f6rst\u00a0var det\u00a0cykel till Gustav Vasas cykelparkering, sedan buss, sedan promenad&#8230;men mest \u00d6SREGN.<\/p>\n<p><img decoding=\"async\" src=\"http:\/\/www5.idrottonline.se\/ImageVaultFiles\/id_309550\/cf_95890\/st_edited\/4mnSIkC-_1CKgShkmlKf.jpg\" alt=\"P\u00e5 TC\" \/>\u00a0<img decoding=\"async\" src=\"http:\/\/www5.idrottonline.se\/ImageVaultFiles\/id_309551\/cf_95890\/st_edited\/L2VcvAbNRV6nQXpPnmhD.jpg\" alt=\"\u00d6sregn\" \/><\/p>\n<p>Fr\u00e5n etappen kan mest rapporteras att v\u00e5r representant i H60 l\u00e4nge ledde, med en tid p\u00e5 21min p\u00e5 en 4,5km-bana. V\u00e4rldsklass!<\/p>\n<p align=\"left\"><img decoding=\"async\" src=\"http:\/\/www5.idrottonline.se\/ImageVaultFiles\/id_309552\/cf_95890\/st_edited\/X8eoYsFrIw8RKaMKbCJf.jpg\" alt=\"Dybl\u00f6ta\" \/>\u00a0 <img decoding=\"async\" src=\"http:\/\/www5.idrottonline.se\/ImageVaultFiles\/id_311179\/cf_95890\/st_edited\/12vqBgdTzb-qqGUPXi68.jpg\" alt=\"Skotv\u00e4tt\" \/><\/p>\n<h4>Etapp 2, m\u00e5ndag<\/h4>\n<p>Idag sken solen, och vi b\u00f6rjade bli varma i kl\u00e4derna med att dela ut Ras och Raket till dagens b\u00e4sta prestationer.<\/p>\n<p><img decoding=\"async\" src=\"http:\/\/www5.idrottonline.se\/ImageVaultFiles\/id_311181\/cf_95890\/st_edited\/J68IxXFm8ved3UsIl9fR.jpg\" alt=\"Rakettr\u00f6jan - plus 76 platser!\" \/>\u00a0<img decoding=\"async\" src=\"http:\/\/www5.idrottonline.se\/ImageVaultFiles\/id_311182\/cf_95890\/st_edited\/NqKZ4eY1wxzMZDD2m67H.jpg\" alt=\"Raset-tr\u00f6jan\" \/><\/p>\n<p>Dessutom passade vi p\u00e5 att handla. I \u00d6rebro har de \u00e4nnu inte uppfunnit det automatiska rullbandet, utan det sitter en liten gubbe under o skruvar fram det med en skruvmejsel.<\/p>\n<p><img decoding=\"async\" src=\"http:\/\/www5.idrottonline.se\/ImageVaultFiles\/id_311180\/cf_95890\/st_edited\/fRVItNsKYXecSp2Jn4Lw.jpg\" alt=\"\" \/><\/p>\n<h4>Etapp 3, tisdag<\/h4>\n<p>Idag var v\u00e4dret \u00e4nnu b\u00e4ttre, vilket vi firade med grillkv\u00e4ll med poolglitter.<\/p>\n<p><img decoding=\"async\" src=\"http:\/\/www5.idrottonline.se\/ImageVaultFiles\/id_311186\/cf_95890\/st_edited\/9c8Awn3Eu7Jxm3WwIQQP.jpg\" alt=\"\" \/>\u00a0<img decoding=\"async\" src=\"http:\/\/www5.idrottonline.se\/ImageVaultFiles\/id_311187\/cf_95890\/st_edited\/KMcnxiWiNp0rw7FMoS1g.jpg\" alt=\"\" \/><\/p>\n<h4>Onsdag, vilodagen<\/h4>\n<p>Vi startade aktivt och gemensamt med ett bes\u00f6k i tr\u00e4staden Wadk\u00f6ping d\u00e4r alla f\u00f6rst ville l\u00e4sa kartan men sedan kom bort hela tiden. Efter en stund skringades vi f\u00f6r vinden till fotoorientering, uteservering, trampb\u00e5tsafari, simhopp med norska \u00e5sk\u00e5dare o mycket, mycket mer.<\/p>\n<p><img decoding=\"async\" src=\"http:\/\/www5.idrottonline.se\/ImageVaultFiles\/id_311189\/cf_95890\/st_edited\/BWxVU3pEbvyHAhaX6X86.jpg\" alt=\"\" \/>\u00a0<img decoding=\"async\" src=\"http:\/\/www5.idrottonline.se\/ImageVaultFiles\/id_311188\/cf_95890\/st_edited\/9214-ttrClshP-Pt4tR7.jpg\" alt=\"\" \/><\/p>\n<h4>Etapp 4, torsdag<\/h4>\n<p>Vi lyckades para ihop SMHIs klass 1-varning f\u00f6r stora regnm\u00e4ngder med v\u00e5r tidigaste start. o klockan halv sju stod vi yrvakna och s\u00e5g p\u00e5 el\u00e4ndet, och drog oss f\u00f6r att \u00e5ka till etappen&#8230;<\/p>\n<p><img decoding=\"async\" src=\"http:\/\/www5.idrottonline.se\/ImageVaultFiles\/id_311213\/cf_95890\/st_edited\/mCthJJ8QsKHAq6nmYs9U.jpg\" alt=\"Regnet det bara \u00f6ser ner, kl 06:29\" \/>\u00a0<img decoding=\"async\" src=\"http:\/\/www5.idrottonline.se\/ImageVaultFiles\/id_311214\/cf_95890\/st_edited\/O2gkyTKly7IqsAQFpKnc.jpg\" alt=\"\" \/><\/p>\n<p>Men, det ordnade upp sig fram\u00e5t dagen och med s\u00e5 v\u00e4ltv\u00e4ttad luft gjorde vi som vanligt en fantastisk etapp.<\/p>\n<p><img decoding=\"async\" src=\"http:\/\/www5.idrottonline.se\/ImageVaultFiles\/id_311216\/cf_95890\/st_edited\/vTywiHhwS59OrObYODLK.jpg\" alt=\"Klas omsprungen av eliten\" \/>\u00a0<img decoding=\"async\" src=\"http:\/\/www5.idrottonline.se\/ImageVaultFiles\/id_311215\/cf_95890\/st_edited\/RM84-fO3rPnaGG4BaV__.jpg\" alt=\"Upploppspublik\" \/><\/p>\n<p>S\u00e5 bra var dagen att n\u00e5gra fick fira med kv\u00e4llsdopp (under tak, eftersom det b\u00f6rjat regna igen&#8230;)<\/p>\n<p><img decoding=\"async\" src=\"http:\/\/www5.idrottonline.se\/ImageVaultFiles\/id_311206\/cf_95890\/st_edited\/_lV9NEbRvQpTjbhlOEZN.jpg\" alt=\"\" \/><\/p>\n<h4>Etapp 5, fredag<\/h4>\n<p>Idag kastade vi oss inspirerade iv\u00e4g till jaktstarten vid universitetet.<\/p>\n<p><img decoding=\"async\" src=\"http:\/\/www5.idrottonline.se\/ImageVaultFiles\/id_311207\/cf_95890\/st_edited\/xqcAmOF8Q0VCLHhut6WK.jpg\" alt=\"Frukostdags, \u00e5h frukostdags, det b\u00e4sta dags vi vet!\" \/>\u00a0\u00a0\u00a0 <img decoding=\"async\" src=\"http:\/\/www5.idrottonline.se\/ImageVaultFiles\/id_311209\/cf_95890\/st_edited\/RFVxT4j9e_4YY-QoHO84.jpg\" alt=\"\" \/><\/p>\n<p>Skickliga o rutinerade som vi \u00e4r\u00a0hade vi valt TCs b\u00e4sta t\u00e4ltplats, och tack vare det utm\u00e4rkta l\u00e4get klarade vi regnstormen som kom utan n\u00e5got allvarligare men\u00a0\u00e4n en kn\u00e4ckt standarfot.<\/p>\n<p><img decoding=\"async\" src=\"http:\/\/www5.idrottonline.se\/ImageVaultFiles\/id_311208\/cf_95890\/st_edited\/CEOMQan8sELTPtXyQOo5.jpg\" alt=\"\" \/>\u00a0<img loading=\"lazy\" decoding=\"async\" src=\"http:\/\/www5.idrottonline.se\/ImageVaultFiles\/id_311210\/cf_127495\/st_edited\/Lj5tJDRCetYfDiw3my47.jpg\" alt=\"\" width=\"199\" height=\"147\" \/><\/p>\n<p>Fredagskv\u00e4llen firades f\u00f6rst\u00e5s ordentligt med O-ringent\u00e5rta och slututl\u00e4mning av hederstr\u00f6jorna.<\/p>\n<p><img decoding=\"async\" src=\"http:\/\/www5.idrottonline.se\/ImageVaultFiles\/id_311211\/cf_95890\/st_edited\/Ljkjr0FPY34LySPdICod.jpg\" alt=\"\" \/>\u00a0<img decoding=\"async\" src=\"http:\/\/www5.idrottonline.se\/ImageVaultFiles\/id_311212\/cf_95890\/st_edited\/l-0kp5kn2nyNDVxNOzBx.jpg\" alt=\"\" \/><\/p>\n<p>Och, ni som inte var med och missade allt detta fantastiska: var inte ledsna utan skynda att anm\u00e4la er till n\u00e4sta \u00e5r, nu har vi verkligen satt standarden f\u00f6r v\u00e5ra klubbboenden! \ud83d\ude09<\/p>\n<\/div>\n<\/div>\n","protected":false},"excerpt":{"rendered":"<p>Vad h\u00e4nde egentligen under O-ringen i \u00d6rebro? Det hittar du h\u00e4r. Vad vet vi om \u00d6rebro? Och om att orientera i \u00d6rebro? Inte mycket, visade det sig! Etapp 1, s\u00f6ndag [&hellip;]<\/p>\n","protected":false},"author":3,"featured_media":2731,"comment_status":"open","ping_status":"open","sticky":false,"template":"","format":"standard","meta":{"footnotes":""},"categories":[262,1],"tags":[],"class_list":["post-2730","post","type-post","status-publish","format-standard","has-post-thumbnail","hentry","category-nyheter","category-okategoriserade"],"_links":{"self":[{"href":"https:\/\/www.ifmarinvast.se\/orientering\/wp-json\/wp\/v2\/posts\/2730","targetHints":{"allow":["GET"]}}],"collection":[{"href":"https:\/\/www.ifmarinvast.se\/orientering\/wp-json\/wp\/v2\/posts"}],"about":[{"href":"https:\/\/www.ifmarinvast.se\/orientering\/wp-json\/wp\/v2\/types\/post"}],"author":[{"embeddable":true,"href":"https:\/\/www.ifmarinvast.se\/orientering\/wp-json\/wp\/v2\/users\/3"}],"replies":[{"embeddable":true,"href":"https:\/\/www.ifmarinvast.se\/orientering\/wp-json\/wp\/v2\/comments?post=2730"}],"version-history":[{"count":1,"href":"https:\/\/www.ifmarinvast.se\/orientering\/wp-json\/wp\/v2\/posts\/2730\/revisions"}],"predecessor-version":[{"id":2732,"href":"https:\/\/www.ifmarinvast.se\/orientering\/wp-json\/wp\/v2\/posts\/2730\/revisions\/2732"}],"wp:featuredmedia":[{"embeddable":true,"href":"https:\/\/www.ifmarinvast.se\/orientering\/wp-json\/wp\/v2\/media\/2731"}],"wp:attachment":[{"href":"https:\/\/www.ifmarinvast.se\/orientering\/wp-json\/wp\/v2\/media?parent=2730"}],"wp:term":[{"taxonomy":"category","embeddable":true,"href":"https:\/\/www.ifmarinvast.se\/orientering\/wp-json\/wp\/v2\/categories?post=2730"},{"taxonomy":"post_tag","embeddable":true,"href":"https:\/\/www.ifmarinvast.se\/orientering\/wp-json\/wp\/v2\/tags?post=2730"}],"curies":[{"name":"wp","href":"https:\/\/api.w.org\/{rel}","templated":true}]}}