{"id":272,"date":"2002-01-21T00:00:00","date_gmt":"2002-01-20T23:00:00","guid":{"rendered":"http:\/\/ifmarinvast.se\/2016\/ta-har-ombildats\/"},"modified":"2015-10-11T14:47:41","modified_gmt":"2015-10-11T12:47:41","slug":"ta-har-ombildats","status":"publish","type":"post","link":"https:\/\/www.ifmarinvast.se\/orientering\/ta-har-ombildats\/","title":{"rendered":"T\u00c4 har ombildats"},"content":{"rendered":"<p>Deltagarna i T\u00c4 har f\u00e5tt en information via mail avseende T\u00c4:s ombildande. Nya tr\u00e4ningsgupper g\u00e4ller fr o m 2002. De ungdomar som vill tr\u00e4na med Rallyamfibierna skall komma till konditionstr\u00e4ningen i morgon tisdag 22 januari, kl 18.00. De har m\u00f6te i P\u00e5velunds MC direkt efter tr\u00e4ningen.<\/p>\n","protected":false},"excerpt":{"rendered":"<p>Deltagarna i T\u00c4 har f\u00e5tt en information via mail avseende T\u00c4:s ombildande. Nya tr\u00e4ningsgupper g\u00e4ller fr o m 2002. De ungdomar som vill tr\u00e4na med Rallyamfibierna skall komma till konditionstr\u00e4ningen [&hellip;]<\/p>\n","protected":false},"author":2,"featured_media":0,"comment_status":"open","ping_status":"open","sticky":false,"template":"","format":"standard","meta":{"footnotes":""},"categories":[262,1],"tags":[],"class_list":["post-272","post","type-post","status-publish","format-standard","hentry","category-nyheter","category-okategoriserade"],"_links":{"self":[{"href":"https:\/\/www.ifmarinvast.se\/orientering\/wp-json\/wp\/v2\/posts\/272","targetHints":{"allow":["GET"]}}],"collection":[{"href":"https:\/\/www.ifmarinvast.se\/orientering\/wp-json\/wp\/v2\/posts"}],"about":[{"href":"https:\/\/www.ifmarinvast.se\/orientering\/wp-json\/wp\/v2\/types\/post"}],"author":[{"embeddable":true,"href":"https:\/\/www.ifmarinvast.se\/orientering\/wp-json\/wp\/v2\/users\/2"}],"replies":[{"embeddable":true,"href":"https:\/\/www.ifmarinvast.se\/orientering\/wp-json\/wp\/v2\/comments?post=272"}],"version-history":[{"count":1,"href":"https:\/\/www.ifmarinvast.se\/orientering\/wp-json\/wp\/v2\/posts\/272\/revisions"}],"predecessor-version":[{"id":439,"href":"https:\/\/www.ifmarinvast.se\/orientering\/wp-json\/wp\/v2\/posts\/272\/revisions\/439"}],"wp:attachment":[{"href":"https:\/\/www.ifmarinvast.se\/orientering\/wp-json\/wp\/v2\/media?parent=272"}],"wp:term":[{"taxonomy":"category","embeddable":true,"href":"https:\/\/www.ifmarinvast.se\/orientering\/wp-json\/wp\/v2\/categories?post=272"},{"taxonomy":"post_tag","embeddable":true,"href":"https:\/\/www.ifmarinvast.se\/orientering\/wp-json\/wp\/v2\/tags?post=272"}],"curies":[{"name":"wp","href":"https:\/\/api.w.org\/{rel}","templated":true}]}}