{"id":271,"date":"2002-01-15T00:00:00","date_gmt":"2002-01-14T23:00:00","guid":{"rendered":"http:\/\/ifmarinvast.se\/2016\/171\/"},"modified":"2015-10-11T14:47:41","modified_gmt":"2015-10-11T12:47:41","slug":"171","status":"publish","type":"post","link":"https:\/\/www.ifmarinvast.se\/orientering\/171\/","title":{"rendered":"Arton personer p\u00e5 konditionstr\u00e4ningen! Det gick &#8230;"},"content":{"rendered":"<p>Arton personer p\u00e5 konditionstr\u00e4ningen! Det gick j\u00e4ttebra, jag \u00e4r verkligen imponerad av m\u00e5nga av de yngre idag. Hans h\u00f6ll en bra tr\u00e4ning! <b>N\u00e4sta vecka hoppas jag vi blir \u00e4nnu fler<\/b> &#8211; alla som vill f\u00e5r vara med! Om det \u00e4r lite kallt och regnigt kan man f\u00f6r tio kronor f\u00e5 byta om inne i motionscentralen\/\u00d6HK-hallen, och ta en sk\u00f6n bastu efter\u00e5t, kanske? Vi ses 22 januari kl 18.00 utanf\u00f6r P\u00e5velunds MC!<\/p>\n","protected":false},"excerpt":{"rendered":"<p>Arton personer p\u00e5 konditionstr\u00e4ningen! Det gick j\u00e4ttebra, jag \u00e4r verkligen imponerad av m\u00e5nga av de yngre idag. Hans h\u00f6ll en bra tr\u00e4ning! N\u00e4sta vecka hoppas jag vi blir \u00e4nnu fler [&hellip;]<\/p>\n","protected":false},"author":2,"featured_media":0,"comment_status":"open","ping_status":"open","sticky":false,"template":"","format":"standard","meta":{"footnotes":""},"categories":[262,1],"tags":[],"class_list":["post-271","post","type-post","status-publish","format-standard","hentry","category-nyheter","category-okategoriserade"],"_links":{"self":[{"href":"https:\/\/www.ifmarinvast.se\/orientering\/wp-json\/wp\/v2\/posts\/271","targetHints":{"allow":["GET"]}}],"collection":[{"href":"https:\/\/www.ifmarinvast.se\/orientering\/wp-json\/wp\/v2\/posts"}],"about":[{"href":"https:\/\/www.ifmarinvast.se\/orientering\/wp-json\/wp\/v2\/types\/post"}],"author":[{"embeddable":true,"href":"https:\/\/www.ifmarinvast.se\/orientering\/wp-json\/wp\/v2\/users\/2"}],"replies":[{"embeddable":true,"href":"https:\/\/www.ifmarinvast.se\/orientering\/wp-json\/wp\/v2\/comments?post=271"}],"version-history":[{"count":2,"href":"https:\/\/www.ifmarinvast.se\/orientering\/wp-json\/wp\/v2\/posts\/271\/revisions"}],"predecessor-version":[{"id":1588,"href":"https:\/\/www.ifmarinvast.se\/orientering\/wp-json\/wp\/v2\/posts\/271\/revisions\/1588"}],"wp:attachment":[{"href":"https:\/\/www.ifmarinvast.se\/orientering\/wp-json\/wp\/v2\/media?parent=271"}],"wp:term":[{"taxonomy":"category","embeddable":true,"href":"https:\/\/www.ifmarinvast.se\/orientering\/wp-json\/wp\/v2\/categories?post=271"},{"taxonomy":"post_tag","embeddable":true,"href":"https:\/\/www.ifmarinvast.se\/orientering\/wp-json\/wp\/v2\/tags?post=271"}],"curies":[{"name":"wp","href":"https:\/\/api.w.org\/{rel}","templated":true}]}}