{"id":2708,"date":"2009-03-04T08:13:47","date_gmt":"2009-03-04T07:13:47","guid":{"rendered":"http:\/\/www.ifmarinvast.se\/orientering\/?p=2708"},"modified":"2015-10-11T14:38:40","modified_gmt":"2015-10-11T12:38:40","slug":"vintertraningsdagen-2009","status":"publish","type":"post","link":"https:\/\/www.ifmarinvast.se\/orientering\/vintertraningsdagen-2009\/","title":{"rendered":"Vintertr\u00e4ningsdagen 2009"},"content":{"rendered":"<p><strong>Efter n\u00e5gra sjukdomsbortfall och ett par nytillkomna deltagare var vi fjorton f\u00f6rv\u00e4ntansfulla som samlades l\u00f6rdag morgon 28 februari 2009 i Fr\u00f6lunda OLs klubbstuga i Sisj\u00f6n. <\/strong><\/p>\n<div>\n<div>\n<p>Det var lite s\u00f6mnigt f\u00f6rst, men efter lite fika, grovorienteringsteori och ombyte gav vi oss av ner till Sisj\u00f6ns skjutf\u00e4lt f\u00f6r dagens f\u00f6rsta pass med fokus h\u00f6jdorientering. Vi hade en tid att passa i andra \u00e4nden, eftersom milit\u00e4ren skulle ha granat\u00f6vning p\u00e5 omr\u00e5det efter lunch, s\u00e5 det var viktigt att h\u00e5lla ihop och att vi alla kom ut i tid tjatade jag.<\/p>\n<p>P\u00e5 v\u00e4g till start fick vi en chans att studera best\u00e5ndsgr\u00e4nser, men snart bar det av ut bland h\u00f6jderna. Ola startade glatt med det Stora Parallellfelet, vilket f.\u00f6. \u00e4ven en kaxig uts\u00e4ttare gjort dagen innan. N\u00e4r allt st\u00e4mmer j\u00e4ttebra tar det en stund att fatta att man g\u00e5tt i fel riktning eller mellan fel h\u00f6jder. Felix, Fredrik och Carl specialiserade sig p\u00e5 att krossa is, h\u00f6jdorientera och h\u00e5lla riktningen. De var f\u00f6r \u00f6vrigt de enda som hittade ett \u00f6ra ist\u00e4llet f\u00f6r n\u00e4sor p\u00e5 sluttningarna. Bengt st\u00f6rtade glatt iv\u00e4g till en mystisk plats som ingen riktigt k\u00e4nner till, men d\u00e4r det fanns m\u00e4rkliga stenmurar och inga kontroller. Os\u00e4kert om det var p\u00e5 kartan eller inte.<\/p>\n<p>\u00d6vriga orienterare \u00e4gnade mycket tid \u00e5t att g\u00e5 in en mystisk sten som kanske l\u00e5g d\u00e4r den skulle, men som hade en kompissten bredvid som inte var med p\u00e5 kartan och framf\u00f6r allt inte hade n\u00e5gon kontroll. Efter grundlig unders\u00f6kning blev majoritetsbeslutet att det \u00e4nd\u00e5 var denna sten som kontrollen borde sitta vid (vilket den borde om mallkartan hade varit riktig), och Vidar st\u00e4llde upp som r\u00e4ddaren i n\u00f6den med en reservkontroll som h\u00e4ngdes ut. Sedan var det full fart vidare och tillbaka som g\u00e4llde, eftersom granat\u00f6vningen n\u00e4rmade sig och vi redan fr\u00e5n start hade med oss en f\u00f6rsening som skulle h\u00e4nga med hela dagen. Och, tro det eller ej, vi hann ut i tid \u00e4ven med de sista ambiti\u00f6sa brobergarna som hann med hela banan.<\/p>\n<p>Efter linssoppa och lite avancerade kortspel var det dags f\u00f6r en komplicerad \u00f6vning d\u00e4r n\u00e5gra f\u00f6ljde linjer, andra sprang hur de ville och det var ganska oklart vilka man t\u00e4vlade mot eller med. Staffan och Bengt var bra med i starten och h\u00e4ngde p\u00e5 t\u00e4ten i helt fel slinga enligt devisen fort och fel. Carl fick som straff f\u00f6r sina skoskav springa mot Linda som d\u00e4rf\u00f6r var tvungen att sj\u00e4lv uppleva de jobbiga v\u00e4gvalen genom sn\u00e5r och sankmark. Favoritkontrollen var en korsning mellan en stenmur och ett dike, nere i en sankmark med en massa fallna tr\u00e4d omkring, d\u00e4r Anna och Anja k\u00f6rde frivolter \u00f6ver grenarna. Bittan och Karin hade h\u00e5rda spurtdueller och Anders dokumenterade banan i filmform. Tema snabbhet kanske inte st\u00e4mde hela v\u00e4gen i den h\u00e4rliga sisj\u00f6terr\u00e4ngen, men det b\u00f6rjade iaf k\u00e4nnas i benen nu.<\/p>\n<p>Nu var det de \u00e4ldres tur att laga mat, och med den trilskande ugnen och oklara recept var det inte l\u00e4tt. En mindre grytlappsbrand fick avv\u00e4rjas p\u00e5 v\u00e4gen. Middagen var efterl\u00e4ngtad n\u00e4r den kom, och efter en halvtimmes \u00e4tande och en halvtimmes v\u00e4ntan p\u00e5 att \u00e4ven Vidar skulle \u00e4ta klart fick vi \u00e4ntligen ta f\u00f6r oss av Carls gigantiska mar\u00e4ngsviss som vi faktiskt slukade. Dessutom kom ett spelande t\u00e5rtljus fram f\u00f6r att uppm\u00e4rksamma sektionsledarens f\u00f6delsedag.<\/p>\n<p>F\u00f6rseningen sedan morgonen och alla ugnsbesv\u00e4r hade nu gjort att vi l\u00e5g \u00f6ver en timme efter schemat, men skam den som inte trycker in ett nattorienteringspass \u00e4nd\u00e5. Vi skippade teoribiten och kastade oss ut i enesn\u00e5ren igen. M\u00e4rkligaste kontrollen var nog stenmursslutet, d\u00e4r stenmuren var halvt nedmonterad och stenarna upplagda i sm\u00e5 h\u00f6gar under ett par tr\u00e4d alldeles vid en villatomt ist\u00e4llet.\u00a0 Som kronan p\u00e5 verket hade n\u00e5gon satt spotlights nedanf\u00f6r som lyste upp tr\u00e4den och stenh\u00f6garna. Det \u00e4r naturromantik, det! N\u00e4sta g\u00e5ng blir kontrollpunkten Tr\u00e4det, upplyst, ist\u00e4llet f\u00f6r stenmursresterna.<\/p>\n<p>Kv\u00e4llen slutade med att allt ordnade upp sig och alla kom i m\u00e5l ordentligt. Bastun hade g\u00e5tt flitigt under dagen, mackorna gick \u00e5t i rasande takt och Felix fick f\u00f6r f\u00f6rsta g\u00e5ngen i livet duscha tre g\u00e5nger p\u00e5 en dag. Med \u00f6mma ben stapplade vi hem\u00e5t i vinternatten och funderade p\u00e5 om vi borde g\u00f6ra det h\u00e4r lite oftare eller aldrig mer.<\/p>\n<\/div>\n<\/div>\n","protected":false},"excerpt":{"rendered":"<p>Efter n\u00e5gra sjukdomsbortfall och ett par nytillkomna deltagare var vi fjorton f\u00f6rv\u00e4ntansfulla som samlades l\u00f6rdag morgon 28 februari 2009 i Fr\u00f6lunda OLs klubbstuga i Sisj\u00f6n. Det var lite s\u00f6mnigt f\u00f6rst, [&hellip;]<\/p>\n","protected":false},"author":3,"featured_media":2709,"comment_status":"open","ping_status":"open","sticky":false,"template":"","format":"standard","meta":{"footnotes":""},"categories":[262,1],"tags":[],"class_list":["post-2708","post","type-post","status-publish","format-standard","has-post-thumbnail","hentry","category-nyheter","category-okategoriserade"],"_links":{"self":[{"href":"https:\/\/www.ifmarinvast.se\/orientering\/wp-json\/wp\/v2\/posts\/2708","targetHints":{"allow":["GET"]}}],"collection":[{"href":"https:\/\/www.ifmarinvast.se\/orientering\/wp-json\/wp\/v2\/posts"}],"about":[{"href":"https:\/\/www.ifmarinvast.se\/orientering\/wp-json\/wp\/v2\/types\/post"}],"author":[{"embeddable":true,"href":"https:\/\/www.ifmarinvast.se\/orientering\/wp-json\/wp\/v2\/users\/3"}],"replies":[{"embeddable":true,"href":"https:\/\/www.ifmarinvast.se\/orientering\/wp-json\/wp\/v2\/comments?post=2708"}],"version-history":[{"count":1,"href":"https:\/\/www.ifmarinvast.se\/orientering\/wp-json\/wp\/v2\/posts\/2708\/revisions"}],"predecessor-version":[{"id":2710,"href":"https:\/\/www.ifmarinvast.se\/orientering\/wp-json\/wp\/v2\/posts\/2708\/revisions\/2710"}],"wp:featuredmedia":[{"embeddable":true,"href":"https:\/\/www.ifmarinvast.se\/orientering\/wp-json\/wp\/v2\/media\/2709"}],"wp:attachment":[{"href":"https:\/\/www.ifmarinvast.se\/orientering\/wp-json\/wp\/v2\/media?parent=2708"}],"wp:term":[{"taxonomy":"category","embeddable":true,"href":"https:\/\/www.ifmarinvast.se\/orientering\/wp-json\/wp\/v2\/categories?post=2708"},{"taxonomy":"post_tag","embeddable":true,"href":"https:\/\/www.ifmarinvast.se\/orientering\/wp-json\/wp\/v2\/tags?post=2708"}],"curies":[{"name":"wp","href":"https:\/\/api.w.org\/{rel}","templated":true}]}}