{"id":2666,"date":"2014-10-01T09:46:10","date_gmt":"2014-10-01T07:46:10","guid":{"rendered":"http:\/\/www.ifmarinvast.se\/orientering\/?p=2666"},"modified":"2015-10-11T14:38:24","modified_gmt":"2015-10-11T12:38:24","slug":"information-om-veteran-vm-wmoc-2015","status":"publish","type":"post","link":"https:\/\/www.ifmarinvast.se\/orientering\/information-om-veteran-vm-wmoc-2015\/","title":{"rendered":"Information om Veteran-VM (WMOC) 2015"},"content":{"rendered":"<p><strong>Sommaren 2015 arrangerar vi i G\u00f6teborgs f\u00f6rbund Veteran-VM (WMOC) med f\u00f6rhoppningsvis 4-5 000 deltagare i \u00e5ldrarna 35 \u00e5r och upp\u00e5t.\u00a0<\/strong><\/p>\n<p>Programmet ser ut som f\u00f6ljer:<\/p>\n<p><strong>Fredag 24 juli<br \/>\n<\/strong>T\u00e4vlingssekretariatet, Event Center, \u00f6ppnar p\u00e5 Katrinelundsgymnasiet<\/p>\n<p><strong>L\u00f6rdag 25 juli<\/strong><br \/>\nModel event sprint, Guldheden.<br \/>\nInvigning Tr\u00e4dg\u00e5rdsf\u00f6reningen<\/p>\n<p><strong>S\u00f6ndag 26 juli<\/strong><br \/>\nKvalificering Sprint, Eriksberg<\/p>\n<p><strong>M\u00e5ndag 27 juli<\/strong><br \/>\nFinal Sprint, Eriksberg<\/p>\n<p><strong>Tisdag 28 juli<\/strong><br \/>\nVilodag.<br \/>\nModel event l\u00e5ng, \u00c4ngg\u00e5rdsbergen<\/p>\n<p><strong>Onsdag 29 juli<\/strong><br \/>\nKvalificering 1, l\u00e5ngdistans, Bertilssons stuga<\/p>\n<p><strong>Torsdag 30 juli<\/strong><br \/>\nKvalificering 2, l\u00e5ngdistans, Bertilssons stuga Bankett, plats ej best\u00e4md<\/p>\n<p><strong>Fredag 31 juli<\/strong><br \/>\nVilodag<\/p>\n<p><strong>L\u00f6rdag 1 augusti<\/strong><br \/>\nFinal l\u00e5ngdistans med prisceremoni, Skat\u00e5s.<br \/>\nAvslutningsceremoni<\/p>\n<p>Orienteringsklubbarna har tagit ansvar f\u00f6r olika delar av arrangemanget. Men det finns ocks\u00e5 m\u00f6jlighet att delta i gemensamma aktiviteter och bidra p\u00e5 olika s\u00e4tt. I IF Marin V\u00e4st har vi hand om serveringen\/markan p\u00e5 tv\u00e5 av etapperna.<\/p>\n<p>Vi s\u00f6ker n\u00e5gra som vill planera och s\u00e4tta ihop en programtidning. Stefan Johansson som ansvarig r\u00e4knar med att det r\u00f6r sig om ett m\u00f6te h\u00f6sten 2014 och tv\u00e5 m\u00f6ten v\u00e5ren 2015. \u00c4r du intresserad kontakta <a href=\"mailto:stefanjohansson23@gmail.com\">stefanjohansson23@gmail.com<\/a>.<\/p>\n<p>Sjukv\u00e5rdskunniga som kan delta p\u00e5 t\u00e4vlingarna vid \u201df\u00f6rsta hj\u00e4lpen\u201d. F\u00f6rsvaret kommer troligtvis att vara med i arbetet. \u00c4r du intresserad kontakta <a href=\"mailto:mats.jodal@fysiologi.gu.se\">mats.jodal@fysiologi.gu.se<\/a><\/p>\n<p>Har du m\u00f6jlighet att hyra ut en sommarstuga, del av\/hela din l\u00e4genhet\/villa, husbil, husvagn eller kan f\u00f6rmedla kontakt f\u00f6r boende? Kontakta omedelbart <a href=\"mailto:elsi-brith.jodal@ped.gu.se\">elsi-brith.jodal@ped.gu.se<\/a>. Det finns efterfr\u00e5gan.<\/p>\n<p><strong>Vi vill ocks\u00e5 informera om att medlemmar i klubbar inom distriktet inte f\u00e5r delta i t\u00e4vlingarna p g a terr\u00e4ngk\u00e4nnedom men sj\u00e4lvklart ocks\u00e5 f\u00f6r att det \u00e4r stort behov av funktion\u00e4rer. Undantag kan beviljas f\u00f6r Sprintt\u00e4vlingarna under f\u00f6ruts\u00e4ttning att den egna klubben godk\u00e4nner deltagandet.<\/strong><\/p>\n<p>Vi hoppas att vi ses i planering och genomf\u00f6rande av WMOC 2015! Ledningsgruppen<\/p>\n<p>Mats Jodal, generalsekreterare, Tomas Andreasson, Lars-G\u00f6ran Axmalm, Elsi-Brith Jodal, Stefan Johansson, Mats K\u00e5geson, Jane Melin och Ulf Sundin.<\/p>\n","protected":false},"excerpt":{"rendered":"<p>Sommaren 2015 arrangerar vi i G\u00f6teborgs f\u00f6rbund Veteran-VM (WMOC) med f\u00f6rhoppningsvis 4-5 000 deltagare i \u00e5ldrarna 35 \u00e5r och upp\u00e5t.\u00a0 Programmet ser ut som f\u00f6ljer: Fredag 24 juli T\u00e4vlingssekretariatet, Event [&hellip;]<\/p>\n","protected":false},"author":1,"featured_media":0,"comment_status":"open","ping_status":"open","sticky":false,"template":"","format":"standard","meta":{"footnotes":""},"categories":[262,1],"tags":[],"class_list":["post-2666","post","type-post","status-publish","format-standard","hentry","category-nyheter","category-okategoriserade"],"_links":{"self":[{"href":"https:\/\/www.ifmarinvast.se\/orientering\/wp-json\/wp\/v2\/posts\/2666","targetHints":{"allow":["GET"]}}],"collection":[{"href":"https:\/\/www.ifmarinvast.se\/orientering\/wp-json\/wp\/v2\/posts"}],"about":[{"href":"https:\/\/www.ifmarinvast.se\/orientering\/wp-json\/wp\/v2\/types\/post"}],"author":[{"embeddable":true,"href":"https:\/\/www.ifmarinvast.se\/orientering\/wp-json\/wp\/v2\/users\/1"}],"replies":[{"embeddable":true,"href":"https:\/\/www.ifmarinvast.se\/orientering\/wp-json\/wp\/v2\/comments?post=2666"}],"version-history":[{"count":1,"href":"https:\/\/www.ifmarinvast.se\/orientering\/wp-json\/wp\/v2\/posts\/2666\/revisions"}],"predecessor-version":[{"id":2667,"href":"https:\/\/www.ifmarinvast.se\/orientering\/wp-json\/wp\/v2\/posts\/2666\/revisions\/2667"}],"wp:attachment":[{"href":"https:\/\/www.ifmarinvast.se\/orientering\/wp-json\/wp\/v2\/media?parent=2666"}],"wp:term":[{"taxonomy":"category","embeddable":true,"href":"https:\/\/www.ifmarinvast.se\/orientering\/wp-json\/wp\/v2\/categories?post=2666"},{"taxonomy":"post_tag","embeddable":true,"href":"https:\/\/www.ifmarinvast.se\/orientering\/wp-json\/wp\/v2\/tags?post=2666"}],"curies":[{"name":"wp","href":"https:\/\/api.w.org\/{rel}","templated":true}]}}