{"id":257,"date":"2001-11-16T00:00:00","date_gmt":"2001-11-15T23:00:00","guid":{"rendered":"http:\/\/ifmarinvast.se\/2016\/obs-andrad-lokal-for-hostavslutningen\/"},"modified":"2015-10-11T14:47:53","modified_gmt":"2015-10-11T12:47:53","slug":"obs-andrad-lokal-for-hostavslutningen","status":"publish","type":"post","link":"https:\/\/www.ifmarinvast.se\/orientering\/obs-andrad-lokal-for-hostavslutningen\/","title":{"rendered":"OBS! \u00c4NDRAD LOKAL F\u00d6R H\u00d6STAVSLUTNINGEN!!"},"content":{"rendered":"<p>\u00c5rets h\u00f6stavslutning l\u00f6rdagen den 24 november \u00e4ger rum p\u00e5 V\u00e4stertr\u00e4ffen (&#8217;Tr\u00e4ffpunkten&#8217;), \u00d6stra Sk\u00e4rvallsgatan 1, strax intill Fur\u00e5sens kyrka. Tid: 14.00 &#8211; 16.00. Orsaken \u00e4r att klubbens medlemskort inte l\u00e4ngre g\u00e4ller som inpassering p\u00e5 AMF4. Bedr\u00f6vligt men sant!<\/p>\n<p>Om n\u00e5gon kan st\u00e4lla upp och baka eller koka kaffe\/te &#8211; h\u00f6r av er snarast! Hj\u00e4lp beh\u00f6vs \u00e4ven med f\u00f6rberedelserna.<\/p>\n","protected":false},"excerpt":{"rendered":"<p>\u00c5rets h\u00f6stavslutning l\u00f6rdagen den 24 november \u00e4ger rum p\u00e5 V\u00e4stertr\u00e4ffen (&#8217;Tr\u00e4ffpunkten&#8217;), \u00d6stra Sk\u00e4rvallsgatan 1, strax intill Fur\u00e5sens kyrka. Tid: 14.00 &#8211; 16.00. Orsaken \u00e4r att klubbens medlemskort inte l\u00e4ngre g\u00e4ller [&hellip;]<\/p>\n","protected":false},"author":2,"featured_media":0,"comment_status":"open","ping_status":"open","sticky":false,"template":"","format":"standard","meta":{"footnotes":""},"categories":[262,1],"tags":[],"class_list":["post-257","post","type-post","status-publish","format-standard","hentry","category-nyheter","category-okategoriserade"],"_links":{"self":[{"href":"https:\/\/www.ifmarinvast.se\/orientering\/wp-json\/wp\/v2\/posts\/257","targetHints":{"allow":["GET"]}}],"collection":[{"href":"https:\/\/www.ifmarinvast.se\/orientering\/wp-json\/wp\/v2\/posts"}],"about":[{"href":"https:\/\/www.ifmarinvast.se\/orientering\/wp-json\/wp\/v2\/types\/post"}],"author":[{"embeddable":true,"href":"https:\/\/www.ifmarinvast.se\/orientering\/wp-json\/wp\/v2\/users\/2"}],"replies":[{"embeddable":true,"href":"https:\/\/www.ifmarinvast.se\/orientering\/wp-json\/wp\/v2\/comments?post=257"}],"version-history":[{"count":1,"href":"https:\/\/www.ifmarinvast.se\/orientering\/wp-json\/wp\/v2\/posts\/257\/revisions"}],"predecessor-version":[{"id":3159,"href":"https:\/\/www.ifmarinvast.se\/orientering\/wp-json\/wp\/v2\/posts\/257\/revisions\/3159"}],"wp:attachment":[{"href":"https:\/\/www.ifmarinvast.se\/orientering\/wp-json\/wp\/v2\/media?parent=257"}],"wp:term":[{"taxonomy":"category","embeddable":true,"href":"https:\/\/www.ifmarinvast.se\/orientering\/wp-json\/wp\/v2\/categories?post=257"},{"taxonomy":"post_tag","embeddable":true,"href":"https:\/\/www.ifmarinvast.se\/orientering\/wp-json\/wp\/v2\/tags?post=257"}],"curies":[{"name":"wp","href":"https:\/\/api.w.org\/{rel}","templated":true}]}}