{"id":253,"date":"2001-10-27T00:00:00","date_gmt":"2001-10-26T22:00:00","guid":{"rendered":"http:\/\/ifmarinvast.se\/2016\/innetraningar-2001\/"},"modified":"2015-10-11T14:47:54","modified_gmt":"2015-10-11T12:47:54","slug":"innetraningar-2001","status":"publish","type":"post","link":"https:\/\/www.ifmarinvast.se\/orientering\/innetraningar-2001\/","title":{"rendered":"Innetr\u00e4ningar 2001"},"content":{"rendered":"<p>Nu \u00e4r tiderna spikade! Det blir fyra innetr\u00e4ningar i h\u00f6st\/vinter. Ta en titt p\u00e5 <a href='http:\/\/www.ifmv.nu\/aktuellt\/innetraning.asp'>Innetr\u00e4ningar-sidan<\/a>. Tiderna kommer naturligtvis upp i kalendern och veckoschemat ocks\u00e5. V\u00e4lkomna!<\/p>\n","protected":false},"excerpt":{"rendered":"<p>Nu \u00e4r tiderna spikade! Det blir fyra innetr\u00e4ningar i h\u00f6st\/vinter. Ta en titt p\u00e5 Innetr\u00e4ningar-sidan. Tiderna kommer naturligtvis upp i kalendern och veckoschemat ocks\u00e5. V\u00e4lkomna!<\/p>\n","protected":false},"author":2,"featured_media":0,"comment_status":"open","ping_status":"open","sticky":false,"template":"","format":"standard","meta":{"footnotes":""},"categories":[262,1],"tags":[],"class_list":["post-253","post","type-post","status-publish","format-standard","hentry","category-nyheter","category-okategoriserade"],"_links":{"self":[{"href":"https:\/\/www.ifmarinvast.se\/orientering\/wp-json\/wp\/v2\/posts\/253","targetHints":{"allow":["GET"]}}],"collection":[{"href":"https:\/\/www.ifmarinvast.se\/orientering\/wp-json\/wp\/v2\/posts"}],"about":[{"href":"https:\/\/www.ifmarinvast.se\/orientering\/wp-json\/wp\/v2\/types\/post"}],"author":[{"embeddable":true,"href":"https:\/\/www.ifmarinvast.se\/orientering\/wp-json\/wp\/v2\/users\/2"}],"replies":[{"embeddable":true,"href":"https:\/\/www.ifmarinvast.se\/orientering\/wp-json\/wp\/v2\/comments?post=253"}],"version-history":[{"count":2,"href":"https:\/\/www.ifmarinvast.se\/orientering\/wp-json\/wp\/v2\/posts\/253\/revisions"}],"predecessor-version":[{"id":1582,"href":"https:\/\/www.ifmarinvast.se\/orientering\/wp-json\/wp\/v2\/posts\/253\/revisions\/1582"}],"wp:attachment":[{"href":"https:\/\/www.ifmarinvast.se\/orientering\/wp-json\/wp\/v2\/media?parent=253"}],"wp:term":[{"taxonomy":"category","embeddable":true,"href":"https:\/\/www.ifmarinvast.se\/orientering\/wp-json\/wp\/v2\/categories?post=253"},{"taxonomy":"post_tag","embeddable":true,"href":"https:\/\/www.ifmarinvast.se\/orientering\/wp-json\/wp\/v2\/tags?post=253"}],"curies":[{"name":"wp","href":"https:\/\/api.w.org\/{rel}","templated":true}]}}