{"id":249,"date":"2001-10-01T00:00:00","date_gmt":"2001-09-30T22:00:00","guid":{"rendered":"http:\/\/ifmarinvast.se\/2016\/nagra-tankar-kring-arets-klubbmasterskap\/"},"modified":"2015-10-11T14:47:54","modified_gmt":"2015-10-11T12:47:54","slug":"nagra-tankar-kring-arets-klubbmasterskap","status":"publish","type":"post","link":"https:\/\/www.ifmarinvast.se\/orientering\/nagra-tankar-kring-arets-klubbmasterskap\/","title":{"rendered":"N\u00c5GRA TANKAR KRING \u00c5RETS KLUBBM\u00c4STERSKAP"},"content":{"rendered":"<p>Det var v\u00e4ldigt roligt att \u00e5rets KM blev en s\u00e5dan framg\u00e5ng. Nytt deltagarrekord och fina t\u00e4vlingar. Jag tycker att vi alla skall s\u00e4nda en s\u00e4rskild tanke till banl\u00e4ggarna, Bror Larsson och Bertil Frankfeldt. Bror, som ju nyligen drabbades av en stroke och som fortfarande \u00e4r f\u00f6rlamad, lade banorna innan olyckan drabbade honom. Jag kommer att bes\u00f6ka honom p\u00e5 sjukhuset p\u00e5 onsdag och ber\u00e4tta om t\u00e4vlingen. Jag tror att han kommer att bli mycket glad n\u00e4r han h\u00f6r om den fina uppslutningen och alla ungdomarna.<\/p>\n","protected":false},"excerpt":{"rendered":"<p>Det var v\u00e4ldigt roligt att \u00e5rets KM blev en s\u00e5dan framg\u00e5ng. Nytt deltagarrekord och fina t\u00e4vlingar. Jag tycker att vi alla skall s\u00e4nda en s\u00e4rskild tanke till banl\u00e4ggarna, Bror Larsson [&hellip;]<\/p>\n","protected":false},"author":2,"featured_media":0,"comment_status":"open","ping_status":"open","sticky":false,"template":"","format":"standard","meta":{"footnotes":""},"categories":[262,1],"tags":[],"class_list":["post-249","post","type-post","status-publish","format-standard","hentry","category-nyheter","category-okategoriserade"],"_links":{"self":[{"href":"https:\/\/www.ifmarinvast.se\/orientering\/wp-json\/wp\/v2\/posts\/249","targetHints":{"allow":["GET"]}}],"collection":[{"href":"https:\/\/www.ifmarinvast.se\/orientering\/wp-json\/wp\/v2\/posts"}],"about":[{"href":"https:\/\/www.ifmarinvast.se\/orientering\/wp-json\/wp\/v2\/types\/post"}],"author":[{"embeddable":true,"href":"https:\/\/www.ifmarinvast.se\/orientering\/wp-json\/wp\/v2\/users\/2"}],"replies":[{"embeddable":true,"href":"https:\/\/www.ifmarinvast.se\/orientering\/wp-json\/wp\/v2\/comments?post=249"}],"version-history":[{"count":1,"href":"https:\/\/www.ifmarinvast.se\/orientering\/wp-json\/wp\/v2\/posts\/249\/revisions"}],"predecessor-version":[{"id":423,"href":"https:\/\/www.ifmarinvast.se\/orientering\/wp-json\/wp\/v2\/posts\/249\/revisions\/423"}],"wp:attachment":[{"href":"https:\/\/www.ifmarinvast.se\/orientering\/wp-json\/wp\/v2\/media?parent=249"}],"wp:term":[{"taxonomy":"category","embeddable":true,"href":"https:\/\/www.ifmarinvast.se\/orientering\/wp-json\/wp\/v2\/categories?post=249"},{"taxonomy":"post_tag","embeddable":true,"href":"https:\/\/www.ifmarinvast.se\/orientering\/wp-json\/wp\/v2\/tags?post=249"}],"curies":[{"name":"wp","href":"https:\/\/api.w.org\/{rel}","templated":true}]}}