{"id":243,"date":"2001-09-23T00:00:00","date_gmt":"2001-09-22T22:00:00","guid":{"rendered":"http:\/\/ifmarinvast.se\/2016\/bestallning-av-nya-tavlingsdrakter\/"},"modified":"2015-10-11T14:47:54","modified_gmt":"2015-10-11T12:47:54","slug":"bestallning-av-nya-tavlingsdrakter","status":"publish","type":"post","link":"https:\/\/www.ifmarinvast.se\/orientering\/bestallning-av-nya-tavlingsdrakter\/","title":{"rendered":"BEST\u00c4LLNING AV NYA T\u00c4VLINGSDR\u00c4KTER"},"content":{"rendered":"<p>T\u00e4vlingsdr\u00e4kterna har f\u00f6rsenats ordentligt.<br \/>Dr\u00e4kterna blir aktuella inf\u00f6r n\u00e4sta s\u00e4song.<br \/>Kontakta mig innan den 20:e oktober om ni vill:<br \/>\u00c4ndra storlek, best\u00e4lla eller avbest\u00e4lla.<br \/>Ann-Charlotte Tel: 031-293662<br \/>a-c.fonselius@privat.ufors.se<\/p>\n","protected":false},"excerpt":{"rendered":"<p>T\u00e4vlingsdr\u00e4kterna har f\u00f6rsenats ordentligt.Dr\u00e4kterna blir aktuella inf\u00f6r n\u00e4sta s\u00e4song.Kontakta mig innan den 20:e oktober om ni vill:\u00c4ndra storlek, best\u00e4lla eller avbest\u00e4lla.Ann-Charlotte Tel: 031-293662a-c.fonselius@privat.ufors.se<\/p>\n","protected":false},"author":2,"featured_media":0,"comment_status":"open","ping_status":"open","sticky":false,"template":"","format":"standard","meta":{"footnotes":""},"categories":[262,1],"tags":[],"class_list":["post-243","post","type-post","status-publish","format-standard","hentry","category-nyheter","category-okategoriserade"],"_links":{"self":[{"href":"https:\/\/www.ifmarinvast.se\/orientering\/wp-json\/wp\/v2\/posts\/243","targetHints":{"allow":["GET"]}}],"collection":[{"href":"https:\/\/www.ifmarinvast.se\/orientering\/wp-json\/wp\/v2\/posts"}],"about":[{"href":"https:\/\/www.ifmarinvast.se\/orientering\/wp-json\/wp\/v2\/types\/post"}],"author":[{"embeddable":true,"href":"https:\/\/www.ifmarinvast.se\/orientering\/wp-json\/wp\/v2\/users\/2"}],"replies":[{"embeddable":true,"href":"https:\/\/www.ifmarinvast.se\/orientering\/wp-json\/wp\/v2\/comments?post=243"}],"version-history":[{"count":1,"href":"https:\/\/www.ifmarinvast.se\/orientering\/wp-json\/wp\/v2\/posts\/243\/revisions"}],"predecessor-version":[{"id":418,"href":"https:\/\/www.ifmarinvast.se\/orientering\/wp-json\/wp\/v2\/posts\/243\/revisions\/418"}],"wp:attachment":[{"href":"https:\/\/www.ifmarinvast.se\/orientering\/wp-json\/wp\/v2\/media?parent=243"}],"wp:term":[{"taxonomy":"category","embeddable":true,"href":"https:\/\/www.ifmarinvast.se\/orientering\/wp-json\/wp\/v2\/categories?post=243"},{"taxonomy":"post_tag","embeddable":true,"href":"https:\/\/www.ifmarinvast.se\/orientering\/wp-json\/wp\/v2\/tags?post=243"}],"curies":[{"name":"wp","href":"https:\/\/api.w.org\/{rel}","templated":true}]}}