{"id":232,"date":"2013-07-26T11:06:58","date_gmt":"2013-07-26T09:06:58","guid":{"rendered":"https:\/\/ifmvorientering.wordpress.com\/?p=232"},"modified":"2015-10-11T14:11:56","modified_gmt":"2015-10-11T12:11:56","slug":"malgangar-sista-dagen","status":"publish","type":"post","link":"https:\/\/www.ifmarinvast.se\/orientering\/malgangar-sista-dagen\/","title":{"rendered":"M\u00e5lg\u00e5ngar sista dagen"},"content":{"rendered":"<p>Hannes gick ut som 5a och fick ny nummerlapp. Det gick bra idag, s\u00e4ger han, \u00e4ven om han fuskade och inte sprang i Raset-tr\u00f6jan. Ing-Marie har g\u00e5tt bra, Anja haft skavs\u00e5r och Anders L har tagit ut sig fullst\u00e4ndigt. Banl\u00e4ggaren hade dock lurat honom genom att anv\u00e4nda kontroll 191, som s\u00e5g ut som 161 om man kom fr\u00e5n del h\u00e5ll&#8230;<\/p>\n<p><img decoding=\"async\" title=\"DSC_0283.JPG\" class=\"alignnone\" alt=\"image\" src=\"http:\/\/ifmvorientering.files.wordpress.com\/2013\/07\/wpid-dsc_0283.jpg\" \/><\/p>\n<p><img decoding=\"async\" title=\"DSC_0285.JPG\" class=\"alignnone\" alt=\"image\" src=\"http:\/\/ifmvorientering.files.wordpress.com\/2013\/07\/wpid-dsc_0285.jpg\" \/><\/p>\n<p><img decoding=\"async\" title=\"DSC_0291.JPG\" class=\"alignnone\" alt=\"image\" src=\"http:\/\/ifmvorientering.files.wordpress.com\/2013\/07\/wpid-dsc_0291.jpg\" \/><\/p>\n<p>Janne har presterat p\u00e5 toppen av sin f\u00f6rm\u00e5ga!<br \/>\n<img decoding=\"async\" title=\"DSC_0292.JPG\" class=\"alignnone\" alt=\"image\" src=\"http:\/\/ifmvorientering.files.wordpress.com\/2013\/07\/wpid-dsc_0292.jpg\" \/><\/p>\n<p>Linda bommade bara en av sjutton kontroller, men ingen s\u00e5g hennes superspurt. Karin hittade f\u00f6rst 6an ist\u00e4llet f\u00f6r 1an, men Bengt gjorde sin b\u00e4sta tid hittills. J\u00e4ttefin terr\u00e4ng, s\u00e4ger han!<br \/>\n<img decoding=\"async\" title=\"DSC_0294.JPG\" class=\"alignnone\" alt=\"image\" src=\"http:\/\/ifmvorientering.files.wordpress.com\/2013\/07\/wpid-dsc_0294.jpg\" \/><\/p>\n<p>Vi v\u00e4nliga sj\u00e4lar i IFMV bidrog \u00e4ven med lite hejaklack till FK Herkules:<\/p>\n","protected":false},"excerpt":{"rendered":"<p>Hannes gick ut som 5a och fick ny nummerlapp. Det gick bra idag, s\u00e4ger han, \u00e4ven om han fuskade och inte sprang i Raset-tr\u00f6jan. Ing-Marie har g\u00e5tt bra, Anja haft [&hellip;]<\/p>\n","protected":false},"author":2,"featured_media":0,"comment_status":"open","ping_status":"open","sticky":false,"template":"","format":"standard","meta":{"footnotes":""},"categories":[263],"tags":[268],"class_list":["post-232","post","type-post","status-publish","format-standard","hentry","category-bloggen","tag-o-ringen-boden-2013"],"_links":{"self":[{"href":"https:\/\/www.ifmarinvast.se\/orientering\/wp-json\/wp\/v2\/posts\/232","targetHints":{"allow":["GET"]}}],"collection":[{"href":"https:\/\/www.ifmarinvast.se\/orientering\/wp-json\/wp\/v2\/posts"}],"about":[{"href":"https:\/\/www.ifmarinvast.se\/orientering\/wp-json\/wp\/v2\/types\/post"}],"author":[{"embeddable":true,"href":"https:\/\/www.ifmarinvast.se\/orientering\/wp-json\/wp\/v2\/users\/2"}],"replies":[{"embeddable":true,"href":"https:\/\/www.ifmarinvast.se\/orientering\/wp-json\/wp\/v2\/comments?post=232"}],"version-history":[{"count":1,"href":"https:\/\/www.ifmarinvast.se\/orientering\/wp-json\/wp\/v2\/posts\/232\/revisions"}],"predecessor-version":[{"id":2958,"href":"https:\/\/www.ifmarinvast.se\/orientering\/wp-json\/wp\/v2\/posts\/232\/revisions\/2958"}],"wp:attachment":[{"href":"https:\/\/www.ifmarinvast.se\/orientering\/wp-json\/wp\/v2\/media?parent=232"}],"wp:term":[{"taxonomy":"category","embeddable":true,"href":"https:\/\/www.ifmarinvast.se\/orientering\/wp-json\/wp\/v2\/categories?post=232"},{"taxonomy":"post_tag","embeddable":true,"href":"https:\/\/www.ifmarinvast.se\/orientering\/wp-json\/wp\/v2\/tags?post=232"}],"curies":[{"name":"wp","href":"https:\/\/api.w.org\/{rel}","templated":true}]}}