{"id":2274,"date":"2015-07-21T23:33:13","date_gmt":"2015-07-21T21:33:13","guid":{"rendered":"https:\/\/ifmvorientering.wordpress.com\/?p=867"},"modified":"2015-10-11T14:13:05","modified_gmt":"2015-10-11T12:13:05","slug":"aktivitetsdag-2015","status":"publish","type":"post","link":"https:\/\/www.ifmarinvast.se\/orientering\/aktivitetsdag-2015\/","title":{"rendered":"Aktivitetsdag 2015"},"content":{"rendered":"<p>Idag har vi inte t\u00e4vlat utan \u00e4gnat oss \u00e5t fria aktiviteter. Tyv\u00e4rr sammanf\u00f6ll den t\u00e4vlingsfria dagen med det vi hade kunnat tro \u00e4r Bor\u00e5sv\u00e4der, om vi inte vetat b\u00e4ttre!<\/p>\n<p>Trots v\u00e4dret aktiverade vi f\u00f6rst\u00e5s oss med utflykter och bes\u00f6k p\u00e5 zoo, c-orten, cykelsafari och verktygsshopping. H\u00e4r kommer lite bilder fr\u00e5n f\u00f6rmiddagens pr\u00f6va-p\u00e5-omg\u00e5ng av pre-O, precisions-orientering, som visade sig vara riktigt sv\u00e5rt \u00e4ven efter att man lyssnat p\u00e5 reglerna. En intressant utmaning! <\/p>\n<p><a href=\"https:\/\/www.ifmarinvast.se\/orientering\/wp-content\/uploads\/2015\/07\/wpid-img_20150721_105608.jpg\"><img decoding=\"async\" title=\"IMG_20150721_105608.jpg\" class=\"alignnone size-full\" alt=\"image\" src=\"https:\/\/www.ifmarinvast.se\/orientering\/wp-content\/uploads\/2015\/07\/wpid-img_20150721_105608.jpg\" \/><\/a><\/p>\n<p>Baklucke-TC<\/p>\n<p><a href=\"https:\/\/www.ifmarinvast.se\/orientering\/wp-content\/uploads\/2015\/07\/wpid-img_20150721_105521.jpg\"><img decoding=\"async\" title=\"IMG_20150721_105521.jpg\" class=\"alignnone size-full\" alt=\"image\" src=\"https:\/\/www.ifmarinvast.se\/orientering\/wp-content\/uploads\/2015\/07\/wpid-img_20150721_105521.jpg\" \/><\/a><\/p>\n<p>Regn-groupie &#8211; alla under samma paraply<\/p>\n<p><a href=\"https:\/\/www.ifmarinvast.se\/orientering\/wp-content\/uploads\/2015\/07\/wpid-img_20150721_105924.jpg\"><img decoding=\"async\" title=\"IMG_20150721_105924.jpg\" class=\"alignnone size-full\" alt=\"image\" src=\"https:\/\/www.ifmarinvast.se\/orientering\/wp-content\/uploads\/2015\/07\/wpid-img_20150721_105924.jpg\" \/><\/a><\/p>\n<p>Utrustade<\/p>\n<p><a href=\"https:\/\/www.ifmarinvast.se\/orientering\/wp-content\/uploads\/2015\/07\/wpid-img_20150721_110120.jpg\"><img decoding=\"async\" title=\"IMG_20150721_110120.jpg\" class=\"alignnone size-full\" alt=\"image\" src=\"https:\/\/www.ifmarinvast.se\/orientering\/wp-content\/uploads\/2015\/07\/wpid-img_20150721_110120.jpg\" \/><\/a><\/p>\n<p>Bit av bana<\/p>\n<p><a href=\"https:\/\/www.ifmarinvast.se\/orientering\/wp-content\/uploads\/2015\/07\/wpid-img_20150721_110549.jpg\"><img decoding=\"async\" title=\"IMG_20150721_110549.jpg\" class=\"alignnone size-full\" alt=\"image\" src=\"https:\/\/www.ifmarinvast.se\/orientering\/wp-content\/uploads\/2015\/07\/wpid-img_20150721_110549.jpg\" \/><\/a><\/p>\n<p>Kontroll<\/p>\n","protected":false},"excerpt":{"rendered":"<p>Idag har vi inte t\u00e4vlat utan \u00e4gnat oss \u00e5t fria aktiviteter. Tyv\u00e4rr sammanf\u00f6ll den t\u00e4vlingsfria dagen med det vi hade kunnat tro \u00e4r Bor\u00e5sv\u00e4der, om vi inte vetat b\u00e4ttre! Trots [&hellip;]<\/p>\n","protected":false},"author":2,"featured_media":0,"comment_status":"open","ping_status":"open","sticky":false,"template":"","format":"standard","meta":{"footnotes":""},"categories":[263],"tags":[269],"class_list":["post-2274","post","type-post","status-publish","format-standard","hentry","category-bloggen","tag-o-ringen-boras-2015"],"_links":{"self":[{"href":"https:\/\/www.ifmarinvast.se\/orientering\/wp-json\/wp\/v2\/posts\/2274","targetHints":{"allow":["GET"]}}],"collection":[{"href":"https:\/\/www.ifmarinvast.se\/orientering\/wp-json\/wp\/v2\/posts"}],"about":[{"href":"https:\/\/www.ifmarinvast.se\/orientering\/wp-json\/wp\/v2\/types\/post"}],"author":[{"embeddable":true,"href":"https:\/\/www.ifmarinvast.se\/orientering\/wp-json\/wp\/v2\/users\/2"}],"replies":[{"embeddable":true,"href":"https:\/\/www.ifmarinvast.se\/orientering\/wp-json\/wp\/v2\/comments?post=2274"}],"version-history":[{"count":1,"href":"https:\/\/www.ifmarinvast.se\/orientering\/wp-json\/wp\/v2\/posts\/2274\/revisions"}],"predecessor-version":[{"id":2779,"href":"https:\/\/www.ifmarinvast.se\/orientering\/wp-json\/wp\/v2\/posts\/2274\/revisions\/2779"}],"wp:attachment":[{"href":"https:\/\/www.ifmarinvast.se\/orientering\/wp-json\/wp\/v2\/media?parent=2274"}],"wp:term":[{"taxonomy":"category","embeddable":true,"href":"https:\/\/www.ifmarinvast.se\/orientering\/wp-json\/wp\/v2\/categories?post=2274"},{"taxonomy":"post_tag","embeddable":true,"href":"https:\/\/www.ifmarinvast.se\/orientering\/wp-json\/wp\/v2\/tags?post=2274"}],"curies":[{"name":"wp","href":"https:\/\/api.w.org\/{rel}","templated":true}]}}