{"id":2272,"date":"2015-07-20T10:13:17","date_gmt":"2015-07-20T08:13:17","guid":{"rendered":"https:\/\/ifmvorientering.wordpress.com\/2015\/07\/20\/vi-som-aker-buss\/"},"modified":"2015-10-11T14:13:05","modified_gmt":"2015-10-11T12:13:05","slug":"vi-som-aker-buss","status":"publish","type":"post","link":"https:\/\/www.ifmarinvast.se\/orientering\/vi-som-aker-buss\/","title":{"rendered":"Vi som \u00e5ker buss"},"content":{"rendered":"<p>Det \u00e4r m\u00e5nga som vill \u00e5ka buss samtidigt som oss. Och just nu \u00e4r det v\u00e4ldigt tomt p\u00e5 bussar. Men det \u00e4r lugnt f\u00f6r vi har fri starttid.&nbsp;<span style=\"line-height:28px;\">&nbsp;<\/span><\/p>\n<p>&nbsp;<\/p>\n<p><a href=\"https:\/\/ifmvorientering.files.wordpress.com\/2015\/07\/img_0197-0.jpg\"><img decoding=\"async\" src=\"https:\/\/ifmvorientering.files.wordpress.com\/2015\/07\/img_0197-0.jpg\" alt=\"\"><\/a><span style=\"line-height:28px;\">&nbsp;<\/span><span style=\"line-height:28px;\">&nbsp;<\/span><\/p>\n<p><a href=\"https:\/\/ifmvorientering.files.wordpress.com\/2015\/07\/img_0198-0.jpg\"><img decoding=\"async\" src=\"https:\/\/ifmvorientering.files.wordpress.com\/2015\/07\/img_0198-0.jpg\" alt=\"\"><\/a><span style=\"line-height:28px;\">&nbsp;<\/span><span style=\"line-height:28px;\">&nbsp;<\/span>&nbsp;<\/p>\n","protected":false},"excerpt":{"rendered":"<p>Det \u00e4r m\u00e5nga som vill \u00e5ka buss samtidigt som oss. Och just nu \u00e4r det v\u00e4ldigt tomt p\u00e5 bussar. Men det \u00e4r lugnt f\u00f6r vi har fri starttid.&nbsp;&nbsp; &nbsp; &nbsp;&nbsp; [&hellip;]<\/p>\n","protected":false},"author":2,"featured_media":2456,"comment_status":"open","ping_status":"open","sticky":false,"template":"","format":"standard","meta":{"footnotes":""},"categories":[263],"tags":[269],"class_list":["post-2272","post","type-post","status-publish","format-standard","has-post-thumbnail","hentry","category-bloggen","tag-o-ringen-boras-2015"],"_links":{"self":[{"href":"https:\/\/www.ifmarinvast.se\/orientering\/wp-json\/wp\/v2\/posts\/2272","targetHints":{"allow":["GET"]}}],"collection":[{"href":"https:\/\/www.ifmarinvast.se\/orientering\/wp-json\/wp\/v2\/posts"}],"about":[{"href":"https:\/\/www.ifmarinvast.se\/orientering\/wp-json\/wp\/v2\/types\/post"}],"author":[{"embeddable":true,"href":"https:\/\/www.ifmarinvast.se\/orientering\/wp-json\/wp\/v2\/users\/2"}],"replies":[{"embeddable":true,"href":"https:\/\/www.ifmarinvast.se\/orientering\/wp-json\/wp\/v2\/comments?post=2272"}],"version-history":[{"count":1,"href":"https:\/\/www.ifmarinvast.se\/orientering\/wp-json\/wp\/v2\/posts\/2272\/revisions"}],"predecessor-version":[{"id":2909,"href":"https:\/\/www.ifmarinvast.se\/orientering\/wp-json\/wp\/v2\/posts\/2272\/revisions\/2909"}],"wp:featuredmedia":[{"embeddable":true,"href":"https:\/\/www.ifmarinvast.se\/orientering\/wp-json\/wp\/v2\/media\/2456"}],"wp:attachment":[{"href":"https:\/\/www.ifmarinvast.se\/orientering\/wp-json\/wp\/v2\/media?parent=2272"}],"wp:term":[{"taxonomy":"category","embeddable":true,"href":"https:\/\/www.ifmarinvast.se\/orientering\/wp-json\/wp\/v2\/categories?post=2272"},{"taxonomy":"post_tag","embeddable":true,"href":"https:\/\/www.ifmarinvast.se\/orientering\/wp-json\/wp\/v2\/tags?post=2272"}],"curies":[{"name":"wp","href":"https:\/\/api.w.org\/{rel}","templated":true}]}}