{"id":2271,"date":"2015-07-20T10:09:55","date_gmt":"2015-07-20T08:09:55","guid":{"rendered":"https:\/\/ifmvorientering.wordpress.com\/2015\/07\/20\/lunch-pa-frukostbuffen\/"},"modified":"2015-10-11T14:13:06","modified_gmt":"2015-10-11T12:13:06","slug":"lunch-pa-frukostbuffen","status":"publish","type":"post","link":"https:\/\/www.ifmarinvast.se\/orientering\/lunch-pa-frukostbuffen\/","title":{"rendered":"Lunch p\u00e5 frukostbuff\u00e9n"},"content":{"rendered":"<p>Idag satsar vi h\u00e5rt p\u00e5 pastasalladen. Den komponerar man egenh\u00e4ndigt till frukost.<span style=\"line-height:28px;\">&nbsp;<\/span><\/p>\n<p><a href=\"https:\/\/ifmvorientering.files.wordpress.com\/2015\/07\/img_0194.jpg\"><img decoding=\"async\" src=\"https:\/\/ifmvorientering.files.wordpress.com\/2015\/07\/img_0194.jpg\" alt=\"\"><\/a>&nbsp;<\/p>\n","protected":false},"excerpt":{"rendered":"<p>Idag satsar vi h\u00e5rt p\u00e5 pastasalladen. Den komponerar man egenh\u00e4ndigt till frukost.&nbsp; &nbsp;<\/p>\n","protected":false},"author":2,"featured_media":2457,"comment_status":"open","ping_status":"open","sticky":false,"template":"","format":"standard","meta":{"footnotes":""},"categories":[263],"tags":[269],"class_list":["post-2271","post","type-post","status-publish","format-standard","has-post-thumbnail","hentry","category-bloggen","tag-o-ringen-boras-2015"],"_links":{"self":[{"href":"https:\/\/www.ifmarinvast.se\/orientering\/wp-json\/wp\/v2\/posts\/2271","targetHints":{"allow":["GET"]}}],"collection":[{"href":"https:\/\/www.ifmarinvast.se\/orientering\/wp-json\/wp\/v2\/posts"}],"about":[{"href":"https:\/\/www.ifmarinvast.se\/orientering\/wp-json\/wp\/v2\/types\/post"}],"author":[{"embeddable":true,"href":"https:\/\/www.ifmarinvast.se\/orientering\/wp-json\/wp\/v2\/users\/2"}],"replies":[{"embeddable":true,"href":"https:\/\/www.ifmarinvast.se\/orientering\/wp-json\/wp\/v2\/comments?post=2271"}],"version-history":[{"count":1,"href":"https:\/\/www.ifmarinvast.se\/orientering\/wp-json\/wp\/v2\/posts\/2271\/revisions"}],"predecessor-version":[{"id":2910,"href":"https:\/\/www.ifmarinvast.se\/orientering\/wp-json\/wp\/v2\/posts\/2271\/revisions\/2910"}],"wp:featuredmedia":[{"embeddable":true,"href":"https:\/\/www.ifmarinvast.se\/orientering\/wp-json\/wp\/v2\/media\/2457"}],"wp:attachment":[{"href":"https:\/\/www.ifmarinvast.se\/orientering\/wp-json\/wp\/v2\/media?parent=2271"}],"wp:term":[{"taxonomy":"category","embeddable":true,"href":"https:\/\/www.ifmarinvast.se\/orientering\/wp-json\/wp\/v2\/categories?post=2271"},{"taxonomy":"post_tag","embeddable":true,"href":"https:\/\/www.ifmarinvast.se\/orientering\/wp-json\/wp\/v2\/tags?post=2271"}],"curies":[{"name":"wp","href":"https:\/\/api.w.org\/{rel}","templated":true}]}}