{"id":2254,"date":"2014-07-23T01:20:39","date_gmt":"2014-07-22T23:20:39","guid":{"rendered":"http:\/\/ifmvorientering.wordpress.com\/?p=534"},"modified":"2015-10-11T14:13:41","modified_gmt":"2015-10-11T12:13:41","slug":"klubbkvall","status":"publish","type":"post","link":"https:\/\/www.ifmarinvast.se\/orientering\/klubbkvall\/","title":{"rendered":"Klubbkv\u00e4ll"},"content":{"rendered":"<p>Traditionsenligt avslutade vi dagen f\u00f6re vilodagen med klubbkv\u00e4ll. Eftersom vi \u00e4r s\u00e5 m\u00e5nga deltagare p\u00e5 O-ringen i \u00e5r (21st!) best\u00e4mde vi oss f\u00f6r att g\u00e5 ut och \u00e4ta ist\u00e4llet och skippa kubben. Vi hittade en mysig uteservering p\u00e5 en pizzeria i centrala \u00c5hus och m\u00f6blerade om den n\u00e5gra g\u00e5nger f\u00f6r att den b\u00e4ttre skulle passa v\u00e5ra behov. <\/p>\n<p>Under kv\u00e4llen delade vi \u00e4ven ut utn\u00e4mningarna till Ras och Raket efter etapp 3. Raset togs av Staffan som tappat 36 av g\u00e5rdagens vunna placeringar, medan Raketen \u00e5terigen gick till Ola. Sj\u00e4lva tr\u00f6jorna var dock bl\u00f6ta sen tv\u00e4tten och fick inte vara med p\u00e5 bild.<\/p>\n","protected":false},"excerpt":{"rendered":"<p>Traditionsenligt avslutade vi dagen f\u00f6re vilodagen med klubbkv\u00e4ll. Eftersom vi \u00e4r s\u00e5 m\u00e5nga deltagare p\u00e5 O-ringen i \u00e5r (21st!) best\u00e4mde vi oss f\u00f6r att g\u00e5 ut och \u00e4ta ist\u00e4llet och [&hellip;]<\/p>\n","protected":false},"author":2,"featured_media":0,"comment_status":"open","ping_status":"open","sticky":false,"template":"","format":"standard","meta":{"footnotes":""},"categories":[263],"tags":[121,270,162,174,180,181],"class_list":["post-2254","post","type-post","status-publish","format-standard","hentry","category-bloggen","tag-klubbkvall","tag-o-ringen-skane-2014","tag-ommoblering","tag-pizza","tag-raket","tag-ras"],"_links":{"self":[{"href":"https:\/\/www.ifmarinvast.se\/orientering\/wp-json\/wp\/v2\/posts\/2254","targetHints":{"allow":["GET"]}}],"collection":[{"href":"https:\/\/www.ifmarinvast.se\/orientering\/wp-json\/wp\/v2\/posts"}],"about":[{"href":"https:\/\/www.ifmarinvast.se\/orientering\/wp-json\/wp\/v2\/types\/post"}],"author":[{"embeddable":true,"href":"https:\/\/www.ifmarinvast.se\/orientering\/wp-json\/wp\/v2\/users\/2"}],"replies":[{"embeddable":true,"href":"https:\/\/www.ifmarinvast.se\/orientering\/wp-json\/wp\/v2\/comments?post=2254"}],"version-history":[{"count":1,"href":"https:\/\/www.ifmarinvast.se\/orientering\/wp-json\/wp\/v2\/posts\/2254\/revisions"}],"predecessor-version":[{"id":3010,"href":"https:\/\/www.ifmarinvast.se\/orientering\/wp-json\/wp\/v2\/posts\/2254\/revisions\/3010"}],"wp:attachment":[{"href":"https:\/\/www.ifmarinvast.se\/orientering\/wp-json\/wp\/v2\/media?parent=2254"}],"wp:term":[{"taxonomy":"category","embeddable":true,"href":"https:\/\/www.ifmarinvast.se\/orientering\/wp-json\/wp\/v2\/categories?post=2254"},{"taxonomy":"post_tag","embeddable":true,"href":"https:\/\/www.ifmarinvast.se\/orientering\/wp-json\/wp\/v2\/tags?post=2254"}],"curies":[{"name":"wp","href":"https:\/\/api.w.org\/{rel}","templated":true}]}}