{"id":2253,"date":"2014-07-22T18:07:48","date_gmt":"2014-07-22T16:07:48","guid":{"rendered":"http:\/\/ifmvorientering.wordpress.com\/?p=527"},"modified":"2015-10-11T14:13:54","modified_gmt":"2015-10-11T12:13:54","slug":"den-vackra-cykelvagen","status":"publish","type":"post","link":"https:\/\/www.ifmarinvast.se\/orientering\/den-vackra-cykelvagen\/","title":{"rendered":"Den vackra cykelv\u00e4gen"},"content":{"rendered":"<p>Idag kunde n\u00e5gra av dem som b\u00f6r i \u00c5hus ta cykeln till etappen. Det var en platt, l\u00e4ig och oerh\u00f6rt vacker cykelv\u00e4g genom skog och f\u00e4lt ner till Friseboda och E3.<\/p>\n<p><a href=\"https:\/\/ifmvorientering.files.wordpress.com\/2014\/07\/wpid-dsc_0060.jpg\"><img decoding=\"async\" title=\"DSC_0060.JPG\" class=\"alignnone size-full\" alt=\"image\" src=\"https:\/\/ifmvorientering.files.wordpress.com\/2014\/07\/wpid-dsc_0060.jpg\" \/><\/a><\/p>\n<p><a href=\"https:\/\/ifmvorientering.files.wordpress.com\/2014\/07\/wpid-dsc_0066.jpg\"><img decoding=\"async\" title=\"DSC_0066.JPG\" class=\"alignnone size-full\" alt=\"image\" src=\"https:\/\/ifmvorientering.files.wordpress.com\/2014\/07\/wpid-dsc_0066.jpg\" \/><\/a><\/p>\n<p><a href=\"https:\/\/ifmvorientering.files.wordpress.com\/2014\/07\/wpid-dsc_0071.jpg\"><img decoding=\"async\" title=\"DSC_0071.JPG\" class=\"alignnone size-full\" alt=\"image\" src=\"https:\/\/ifmvorientering.files.wordpress.com\/2014\/07\/wpid-dsc_0071.jpg\" \/><\/a><\/p>\n<p><a href=\"https:\/\/ifmvorientering.files.wordpress.com\/2014\/07\/wpid-dsc_0069.jpg\"><img decoding=\"async\" title=\"DSC_0069.JPG\" class=\"alignnone size-full\" alt=\"image\" src=\"https:\/\/ifmvorientering.files.wordpress.com\/2014\/07\/wpid-dsc_0069.jpg\" \/><\/a><\/p>\n<p>Cykelselfie<\/p>\n","protected":false},"excerpt":{"rendered":"<p>Idag kunde n\u00e5gra av dem som b\u00f6r i \u00c5hus ta cykeln till etappen. Det var en platt, l\u00e4ig och oerh\u00f6rt vacker cykelv\u00e4g genom skog och f\u00e4lt ner till Friseboda och [&hellip;]<\/p>\n","protected":false},"author":2,"featured_media":0,"comment_status":"open","ping_status":"open","sticky":false,"template":"","format":"standard","meta":{"footnotes":""},"categories":[263],"tags":[64,270,220],"class_list":["post-2253","post","type-post","status-publish","format-standard","hentry","category-bloggen","tag-e3","tag-o-ringen-skane-2014","tag-till-tc"],"_links":{"self":[{"href":"https:\/\/www.ifmarinvast.se\/orientering\/wp-json\/wp\/v2\/posts\/2253","targetHints":{"allow":["GET"]}}],"collection":[{"href":"https:\/\/www.ifmarinvast.se\/orientering\/wp-json\/wp\/v2\/posts"}],"about":[{"href":"https:\/\/www.ifmarinvast.se\/orientering\/wp-json\/wp\/v2\/types\/post"}],"author":[{"embeddable":true,"href":"https:\/\/www.ifmarinvast.se\/orientering\/wp-json\/wp\/v2\/users\/2"}],"replies":[{"embeddable":true,"href":"https:\/\/www.ifmarinvast.se\/orientering\/wp-json\/wp\/v2\/comments?post=2253"}],"version-history":[{"count":1,"href":"https:\/\/www.ifmarinvast.se\/orientering\/wp-json\/wp\/v2\/posts\/2253\/revisions"}],"predecessor-version":[{"id":3012,"href":"https:\/\/www.ifmarinvast.se\/orientering\/wp-json\/wp\/v2\/posts\/2253\/revisions\/3012"}],"wp:attachment":[{"href":"https:\/\/www.ifmarinvast.se\/orientering\/wp-json\/wp\/v2\/media?parent=2253"}],"wp:term":[{"taxonomy":"category","embeddable":true,"href":"https:\/\/www.ifmarinvast.se\/orientering\/wp-json\/wp\/v2\/categories?post=2253"},{"taxonomy":"post_tag","embeddable":true,"href":"https:\/\/www.ifmarinvast.se\/orientering\/wp-json\/wp\/v2\/tags?post=2253"}],"curies":[{"name":"wp","href":"https:\/\/api.w.org\/{rel}","templated":true}]}}