{"id":2252,"date":"2014-07-22T00:27:20","date_gmt":"2014-07-21T22:27:20","guid":{"rendered":"http:\/\/ifmvorientering.wordpress.com\/?p=521"},"modified":"2015-10-11T14:13:54","modified_gmt":"2015-10-11T12:13:54","slug":"ras-raket-e2","status":"publish","type":"post","link":"https:\/\/www.ifmarinvast.se\/orientering\/ras-raket-e2\/","title":{"rendered":"Ras &#038; Raket E2"},"content":{"rendered":"<p>Dagens ras blev Anders med 31 tappade placeringar, grattis! Efter kom Klas med tio och Linda med 1,<\/p>\n<p><a href=\"https:\/\/ifmvorientering.files.wordpress.com\/2014\/07\/wpid-dsc_0055.jpg\"><img decoding=\"async\" title=\"DSC_0055.JPG\" class=\"alignnone size-full\" alt=\"image\" src=\"https:\/\/ifmvorientering.files.wordpress.com\/2014\/07\/wpid-dsc_0055.jpg\" \/><\/a><\/p>\n<p>Dagens Raket blev Ola men galna 86 plockade placeringar i \u00d65. Grattis! Tv\u00e5a var Staffan med 56 och trea Hannes med 44. <\/p>\n<p><a href=\"https:\/\/ifmvorientering.files.wordpress.com\/2014\/07\/wpid-dsc_0056.jpg\"><img decoding=\"async\" title=\"DSC_0056.JPG\" class=\"alignnone size-full\" alt=\"image\" src=\"https:\/\/ifmvorientering.files.wordpress.com\/2014\/07\/wpid-dsc_0056.jpg\" \/><\/a><\/p>\n<p>De tv\u00e5 senare springer dock t\u00e4vlingsklass, vilket g\u00f6r det mycket sv\u00e5rare att plocka, s\u00e5 riktigt bra gjort alla tre!<\/p>\n<p>Ett s\u00e4rskilt hedersomn\u00e4mnande g\u00e5r till Ing-Marie som efter att ha blivit diskad ig\u00e5r f\u00f6r att ej ha st\u00e4mplat ut numera \u00e4r avdiskad (!), pga arrang\u00f6rsmissen tror vi, och nu ligger 39a i sammandraget.<\/p>\n<p>Grattis allihop!<\/p>\n","protected":false},"excerpt":{"rendered":"<p>Dagens ras blev Anders med 31 tappade placeringar, grattis! Efter kom Klas med tio och Linda med 1, Dagens Raket blev Ola men galna 86 plockade placeringar i \u00d65. Grattis! [&hellip;]<\/p>\n","protected":false},"author":2,"featured_media":0,"comment_status":"open","ping_status":"open","sticky":false,"template":"","format":"standard","meta":{"footnotes":""},"categories":[263],"tags":[63,105,270,180,181],"class_list":["post-2252","post","type-post","status-publish","format-standard","hentry","category-bloggen","tag-e2","tag-hulahula","tag-o-ringen-skane-2014","tag-raket","tag-ras"],"_links":{"self":[{"href":"https:\/\/www.ifmarinvast.se\/orientering\/wp-json\/wp\/v2\/posts\/2252","targetHints":{"allow":["GET"]}}],"collection":[{"href":"https:\/\/www.ifmarinvast.se\/orientering\/wp-json\/wp\/v2\/posts"}],"about":[{"href":"https:\/\/www.ifmarinvast.se\/orientering\/wp-json\/wp\/v2\/types\/post"}],"author":[{"embeddable":true,"href":"https:\/\/www.ifmarinvast.se\/orientering\/wp-json\/wp\/v2\/users\/2"}],"replies":[{"embeddable":true,"href":"https:\/\/www.ifmarinvast.se\/orientering\/wp-json\/wp\/v2\/comments?post=2252"}],"version-history":[{"count":1,"href":"https:\/\/www.ifmarinvast.se\/orientering\/wp-json\/wp\/v2\/posts\/2252\/revisions"}],"predecessor-version":[{"id":3013,"href":"https:\/\/www.ifmarinvast.se\/orientering\/wp-json\/wp\/v2\/posts\/2252\/revisions\/3013"}],"wp:attachment":[{"href":"https:\/\/www.ifmarinvast.se\/orientering\/wp-json\/wp\/v2\/media?parent=2252"}],"wp:term":[{"taxonomy":"category","embeddable":true,"href":"https:\/\/www.ifmarinvast.se\/orientering\/wp-json\/wp\/v2\/categories?post=2252"},{"taxonomy":"post_tag","embeddable":true,"href":"https:\/\/www.ifmarinvast.se\/orientering\/wp-json\/wp\/v2\/tags?post=2252"}],"curies":[{"name":"wp","href":"https:\/\/api.w.org\/{rel}","templated":true}]}}