{"id":2250,"date":"2014-07-21T14:31:44","date_gmt":"2014-07-21T12:31:44","guid":{"rendered":"http:\/\/ifmvorientering.wordpress.com\/?p=501"},"modified":"2015-10-11T14:13:55","modified_gmt":"2015-10-11T12:13:55","slug":"sondagens-raket-pa-filt","status":"publish","type":"post","link":"https:\/\/www.ifmarinvast.se\/orientering\/sondagens-raket-pa-filt\/","title":{"rendered":"S\u00f6ndagens raket p\u00e5 filt"},"content":{"rendered":"<p>Rakettr\u00f6jan debuterade i dag i de sk\u00e5nska skogarna. H\u00e4r vilar tr\u00f6jan med Linda i t\u00e4ltet efter loppet.<\/p>\n<p><a href=\"https:\/\/ifmvorientering.files.wordpress.com\/2014\/07\/wpid-20140721_142432_hdr1.jpg\"><img decoding=\"async\" title=\"20140721_142432_HDR.jpg\" class=\"alignnone size-full\" alt=\"image\" src=\"https:\/\/ifmvorientering.files.wordpress.com\/2014\/07\/wpid-20140721_142432_hdr.jpg\" \/><\/a><\/p>\n","protected":false},"excerpt":{"rendered":"<p>Rakettr\u00f6jan debuterade i dag i de sk\u00e5nska skogarna. H\u00e4r vilar tr\u00f6jan med Linda i t\u00e4ltet efter loppet.<\/p>\n","protected":false},"author":2,"featured_media":0,"comment_status":"open","ping_status":"open","sticky":false,"template":"","format":"standard","meta":{"footnotes":""},"categories":[263],"tags":[270],"class_list":["post-2250","post","type-post","status-publish","format-standard","hentry","category-bloggen","tag-o-ringen-skane-2014"],"_links":{"self":[{"href":"https:\/\/www.ifmarinvast.se\/orientering\/wp-json\/wp\/v2\/posts\/2250","targetHints":{"allow":["GET"]}}],"collection":[{"href":"https:\/\/www.ifmarinvast.se\/orientering\/wp-json\/wp\/v2\/posts"}],"about":[{"href":"https:\/\/www.ifmarinvast.se\/orientering\/wp-json\/wp\/v2\/types\/post"}],"author":[{"embeddable":true,"href":"https:\/\/www.ifmarinvast.se\/orientering\/wp-json\/wp\/v2\/users\/2"}],"replies":[{"embeddable":true,"href":"https:\/\/www.ifmarinvast.se\/orientering\/wp-json\/wp\/v2\/comments?post=2250"}],"version-history":[{"count":1,"href":"https:\/\/www.ifmarinvast.se\/orientering\/wp-json\/wp\/v2\/posts\/2250\/revisions"}],"predecessor-version":[{"id":3017,"href":"https:\/\/www.ifmarinvast.se\/orientering\/wp-json\/wp\/v2\/posts\/2250\/revisions\/3017"}],"wp:attachment":[{"href":"https:\/\/www.ifmarinvast.se\/orientering\/wp-json\/wp\/v2\/media?parent=2250"}],"wp:term":[{"taxonomy":"category","embeddable":true,"href":"https:\/\/www.ifmarinvast.se\/orientering\/wp-json\/wp\/v2\/categories?post=2250"},{"taxonomy":"post_tag","embeddable":true,"href":"https:\/\/www.ifmarinvast.se\/orientering\/wp-json\/wp\/v2\/tags?post=2250"}],"curies":[{"name":"wp","href":"https:\/\/api.w.org\/{rel}","templated":true}]}}