{"id":2249,"date":"2014-07-20T23:19:56","date_gmt":"2014-07-20T21:19:56","guid":{"rendered":"http:\/\/ifmvorientering.wordpress.com\/?p=497"},"modified":"2015-10-11T14:11:55","modified_gmt":"2015-10-11T12:11:55","slug":"ras-och-raket-pa-etapp-1","status":"publish","type":"post","link":"https:\/\/www.ifmarinvast.se\/orientering\/ras-och-raket-pa-etapp-1\/","title":{"rendered":"Ras och Raket p\u00e5 etapp 1"},"content":{"rendered":"<p>Efter varje etapp utser vi dagens rasare och dagens raket, den som tappat respektive plockat flest placeringar. <\/p>\n<p>Efter f\u00f6rsta etappen g\u00e5r vi p\u00e5 antal placeringar fr\u00e5n siste l\u00f6pare respektive segrare. <\/p>\n<p><strong>Ras<\/strong>, placering fr\u00e5n slutet:<br \/>\n1. Jakob, 1<br \/>\n2. Karin, 8<br \/>\n3. Linda, 13<\/p>\n<p><strong>Raket<\/strong>, placering efter segraren:<br \/>\n1. Linda, 45<br \/>\n2. Karin, 83<br \/>\n3. Jakob, 88<\/p>\n<p>Grattis till Jakob och Linda som f\u00e5r springa med de vackra specialgjorda tr\u00f6jorna i morgon.<a href=\"https:\/\/ifmvorientering.files.wordpress.com\/2014\/07\/20140720-231849-83929113.jpg\"><img decoding=\"async\" src=\"https:\/\/ifmvorientering.files.wordpress.com\/2014\/07\/20140720-231849-83929113.jpg\" alt=\"20140720-231849-83929113.jpg\" class=\"alignnone size-full\" \/><\/a><\/p>\n","protected":false},"excerpt":{"rendered":"<p>Efter varje etapp utser vi dagens rasare och dagens raket, den som tappat respektive plockat flest placeringar. Efter f\u00f6rsta etappen g\u00e5r vi p\u00e5 antal placeringar fr\u00e5n siste l\u00f6pare respektive segrare. [&hellip;]<\/p>\n","protected":false},"author":2,"featured_media":2340,"comment_status":"open","ping_status":"open","sticky":false,"template":"","format":"standard","meta":{"footnotes":""},"categories":[263],"tags":[268],"class_list":["post-2249","post","type-post","status-publish","format-standard","has-post-thumbnail","hentry","category-bloggen","tag-o-ringen-boden-2013"],"_links":{"self":[{"href":"https:\/\/www.ifmarinvast.se\/orientering\/wp-json\/wp\/v2\/posts\/2249","targetHints":{"allow":["GET"]}}],"collection":[{"href":"https:\/\/www.ifmarinvast.se\/orientering\/wp-json\/wp\/v2\/posts"}],"about":[{"href":"https:\/\/www.ifmarinvast.se\/orientering\/wp-json\/wp\/v2\/types\/post"}],"author":[{"embeddable":true,"href":"https:\/\/www.ifmarinvast.se\/orientering\/wp-json\/wp\/v2\/users\/2"}],"replies":[{"embeddable":true,"href":"https:\/\/www.ifmarinvast.se\/orientering\/wp-json\/wp\/v2\/comments?post=2249"}],"version-history":[{"count":1,"href":"https:\/\/www.ifmarinvast.se\/orientering\/wp-json\/wp\/v2\/posts\/2249\/revisions"}],"predecessor-version":[{"id":2955,"href":"https:\/\/www.ifmarinvast.se\/orientering\/wp-json\/wp\/v2\/posts\/2249\/revisions\/2955"}],"wp:featuredmedia":[{"embeddable":true,"href":"https:\/\/www.ifmarinvast.se\/orientering\/wp-json\/wp\/v2\/media\/2340"}],"wp:attachment":[{"href":"https:\/\/www.ifmarinvast.se\/orientering\/wp-json\/wp\/v2\/media?parent=2249"}],"wp:term":[{"taxonomy":"category","embeddable":true,"href":"https:\/\/www.ifmarinvast.se\/orientering\/wp-json\/wp\/v2\/categories?post=2249"},{"taxonomy":"post_tag","embeddable":true,"href":"https:\/\/www.ifmarinvast.se\/orientering\/wp-json\/wp\/v2\/tags?post=2249"}],"curies":[{"name":"wp","href":"https:\/\/api.w.org\/{rel}","templated":true}]}}