{"id":2244,"date":"2014-07-20T08:40:13","date_gmt":"2014-07-20T06:40:13","guid":{"rendered":"http:\/\/ifmvorientering.wordpress.com\/?p=474"},"modified":"2015-10-11T14:13:55","modified_gmt":"2015-10-11T12:13:55","slug":"pa-vag-till-vastanaberget","status":"publish","type":"post","link":"https:\/\/www.ifmarinvast.se\/orientering\/pa-vag-till-vastanaberget\/","title":{"rendered":"P\u00e5 v\u00e4g till V\u00e4stan\u00e5berget"},"content":{"rendered":"<p>\u00c4ntligen f\u00f6rsta etappen!<\/p>\n<p>TC V\u00e4stan\u00e5berget ligger utanf\u00f6r V\u00e5nga, och \u00e4r samma f\u00f6r b\u00e5de etapp 1 och 2. F\u00f6rsta bilen pr\u00f6var v\u00e4nsterv\u00e4gvalet dit och sparar sightseeingen av den vackra Barumtrakten till \u00e5terf\u00e4rden. <\/p>\n<p><a href=\"https:\/\/ifmvorientering.files.wordpress.com\/2014\/07\/wpid-dsc_0042.jpg\"><img decoding=\"async\" title=\"DSC_0042.JPG\" class=\"alignnone size-full\" alt=\"image\" src=\"https:\/\/ifmvorientering.files.wordpress.com\/2014\/07\/wpid-dsc_0042.jpg\" \/><\/a><\/p>\n<p>H\u00e4r \u00e4r den s\u00f6ta Nosaby kyrka som ligger p\u00e5 v\u00e4gen<\/p>\n<p><a href=\"https:\/\/ifmvorientering.files.wordpress.com\/2014\/07\/wpid-dsc_0041.jpg\"><img decoding=\"async\" title=\"DSC_0041.JPG\" class=\"alignnone size-full\" alt=\"image\" src=\"https:\/\/ifmvorientering.files.wordpress.com\/2014\/07\/wpid-dsc_0041.jpg\" \/><\/a><\/p>\n<p>Radio O-ringen (88,4 MHz eller p\u00e5 webben) firar dagens namnsdagsbarn med att spela Jag vill vara din Margareta. Grattis Maggan!<\/p>\n","protected":false},"excerpt":{"rendered":"<p>\u00c4ntligen f\u00f6rsta etappen! TC V\u00e4stan\u00e5berget ligger utanf\u00f6r V\u00e5nga, och \u00e4r samma f\u00f6r b\u00e5de etapp 1 och 2. F\u00f6rsta bilen pr\u00f6var v\u00e4nsterv\u00e4gvalet dit och sparar sightseeingen av den vackra Barumtrakten till [&hellip;]<\/p>\n","protected":false},"author":2,"featured_media":0,"comment_status":"open","ping_status":"open","sticky":false,"template":"","format":"standard","meta":{"footnotes":""},"categories":[263],"tags":[62,115,155,270,232,235],"class_list":["post-2244","post","type-post","status-publish","format-standard","hentry","category-bloggen","tag-e1","tag-karta","tag-nosaby","tag-o-ringen-skane-2014","tag-vagval","tag-vastanaberget"],"_links":{"self":[{"href":"https:\/\/www.ifmarinvast.se\/orientering\/wp-json\/wp\/v2\/posts\/2244","targetHints":{"allow":["GET"]}}],"collection":[{"href":"https:\/\/www.ifmarinvast.se\/orientering\/wp-json\/wp\/v2\/posts"}],"about":[{"href":"https:\/\/www.ifmarinvast.se\/orientering\/wp-json\/wp\/v2\/types\/post"}],"author":[{"embeddable":true,"href":"https:\/\/www.ifmarinvast.se\/orientering\/wp-json\/wp\/v2\/users\/2"}],"replies":[{"embeddable":true,"href":"https:\/\/www.ifmarinvast.se\/orientering\/wp-json\/wp\/v2\/comments?post=2244"}],"version-history":[{"count":1,"href":"https:\/\/www.ifmarinvast.se\/orientering\/wp-json\/wp\/v2\/posts\/2244\/revisions"}],"predecessor-version":[{"id":3021,"href":"https:\/\/www.ifmarinvast.se\/orientering\/wp-json\/wp\/v2\/posts\/2244\/revisions\/3021"}],"wp:attachment":[{"href":"https:\/\/www.ifmarinvast.se\/orientering\/wp-json\/wp\/v2\/media?parent=2244"}],"wp:term":[{"taxonomy":"category","embeddable":true,"href":"https:\/\/www.ifmarinvast.se\/orientering\/wp-json\/wp\/v2\/categories?post=2244"},{"taxonomy":"post_tag","embeddable":true,"href":"https:\/\/www.ifmarinvast.se\/orientering\/wp-json\/wp\/v2\/tags?post=2244"}],"curies":[{"name":"wp","href":"https:\/\/api.w.org\/{rel}","templated":true}]}}