{"id":2243,"date":"2014-07-19T20:26:24","date_gmt":"2014-07-19T18:26:24","guid":{"rendered":"http:\/\/ifmvorientering.wordpress.com\/?p=458"},"modified":"2015-10-11T14:13:55","modified_gmt":"2015-10-11T12:13:55","slug":"bildrapsodi-fran-c-orten","status":"publish","type":"post","link":"https:\/\/www.ifmarinvast.se\/orientering\/bildrapsodi-fran-c-orten\/","title":{"rendered":"Bildrapsodi fr\u00e5n c-orten"},"content":{"rendered":"<p><a href=\"https:\/\/ifmvorientering.files.wordpress.com\/2014\/07\/wpid-dsc_0012.jpg\"><img decoding=\"async\" title=\"DSC_0012.JPG\" class=\"alignnone size-full\" alt=\"image\" src=\"https:\/\/ifmvorientering.files.wordpress.com\/2014\/07\/wpid-dsc_0012.jpg\" \/><\/a><\/p>\n<p>Lite k\u00f6rigt i trafiken men v\u00e4nliga v\u00e4gvisare<\/p>\n<p><a href=\"https:\/\/ifmvorientering.files.wordpress.com\/2014\/07\/wpid-dsc_0016.jpg\"><img decoding=\"async\" title=\"DSC_0016.JPG\" class=\"alignnone size-full\" alt=\"image\" src=\"https:\/\/ifmvorientering.files.wordpress.com\/2014\/07\/wpid-dsc_0016.jpg\" \/><\/a><\/p>\n<p>Svea rike<\/p>\n<p><a href=\"https:\/\/ifmvorientering.files.wordpress.com\/2014\/07\/wpid-dsc_0014.jpg\"><img decoding=\"async\" title=\"DSC_0014.JPG\" class=\"alignnone size-full\" alt=\"image\" src=\"https:\/\/ifmvorientering.files.wordpress.com\/2014\/07\/wpid-dsc_0014.jpg\" \/><\/a><\/p>\n<p>Igenbommat<\/p>\n<p><a href=\"https:\/\/ifmvorientering.files.wordpress.com\/2014\/07\/wpid-dsc_0023.jpg\"><img decoding=\"async\" title=\"DSC_0023.JPG\" class=\"alignnone size-full\" alt=\"image\" src=\"https:\/\/ifmvorientering.files.wordpress.com\/2014\/07\/wpid-dsc_0023.jpg\" \/><\/a><\/p>\n<p>Festligt, fartfyllt, folkligt<\/p>\n<p><a href=\"https:\/\/ifmvorientering.files.wordpress.com\/2014\/07\/wpid-dsc_0017.jpg\"><img decoding=\"async\" title=\"DSC_0017.JPG\" class=\"alignnone size-full\" alt=\"image\" src=\"https:\/\/ifmvorientering.files.wordpress.com\/2014\/07\/wpid-dsc_0017.jpg\" \/><\/a><\/p>\n<p>F\u00f6rdelen med nummerlappar framf\u00f6r k\u00f6lappar \u00e4r att de f\u00f6rra inte delas ut i 30-graders t\u00e4ltet, med 86 min v\u00e4ntetid, av de mycket t\u00e5lmodiga &#8211; men lite f\u00e5 &#8211; funktion\u00e4rer<\/p>\n<p><a href=\"https:\/\/ifmvorientering.files.wordpress.com\/2014\/07\/wpid-dsc_0035.jpg\"><img decoding=\"async\" title=\"DSC_0035.JPG\" class=\"alignnone size-full\" alt=\"image\" src=\"https:\/\/ifmvorientering.files.wordpress.com\/2014\/07\/wpid-dsc_0035.jpg\" \/><\/a> <\/p>\n<p>Varmt och ombonat med m\u00e5nga trevliga orienterare<\/p>\n<p><a href=\"https:\/\/ifmvorientering.files.wordpress.com\/2014\/07\/wpid-dsc_0030.jpg\"><img decoding=\"async\" title=\"DSC_0030.JPG\" class=\"alignnone size-full\" alt=\"image\" src=\"https:\/\/ifmvorientering.files.wordpress.com\/2014\/07\/wpid-dsc_0030.jpg\" \/><\/a> <\/p>\n<p>ICA Mini<\/p>\n<p><a href=\"https:\/\/ifmvorientering.files.wordpress.com\/2014\/07\/wpid-dsc_0031.jpg\"><img decoding=\"async\" title=\"DSC_0031.JPG\" class=\"alignnone size-full\" alt=\"image\" src=\"https:\/\/ifmvorientering.files.wordpress.com\/2014\/07\/wpid-dsc_0031.jpg\" \/><\/a> <\/p>\n<p>N\u00e5lar i h\u00f6stackar<\/p>\n<p><a href=\"https:\/\/ifmvorientering.files.wordpress.com\/2014\/07\/wpid-dsc_0022.jpg\"><img decoding=\"async\" title=\"DSC_0022.JPG\" class=\"alignnone size-full\" alt=\"image\" src=\"https:\/\/ifmvorientering.files.wordpress.com\/2014\/07\/wpid-dsc_0022.jpg\" \/><\/a> <\/p>\n<p>Varmt och roligt p\u00e5 O-ringentorget<\/p>\n<p><a href=\"https:\/\/ifmvorientering.files.wordpress.com\/2014\/07\/wpid-dsc_0020.jpg\"><img decoding=\"async\" title=\"DSC_0020.JPG\" class=\"alignnone size-full\" alt=\"image\" src=\"https:\/\/ifmvorientering.files.wordpress.com\/2014\/07\/wpid-dsc_0020.jpg\" \/><\/a> <\/p>\n<p>Startlistor<\/p>\n<p><a href=\"https:\/\/ifmvorientering.files.wordpress.com\/2014\/07\/wpid-dsc_0024.jpg\"><img decoding=\"async\" title=\"DSC_0024.JPG\" class=\"alignnone size-full\" alt=\"image\" src=\"https:\/\/ifmvorientering.files.wordpress.com\/2014\/07\/wpid-dsc_0024.jpg\" \/><\/a> <\/p>\n<p>S\u00e4len tog h\u00e4sten till Sk\u00e5ne<\/p>\n<p><a href=\"https:\/\/ifmvorientering.files.wordpress.com\/2014\/07\/wpid-dsc_0019.jpg\"><img decoding=\"async\" title=\"DSC_0019.JPG\" class=\"alignnone size-full\" alt=\"image\" src=\"https:\/\/ifmvorientering.files.wordpress.com\/2014\/07\/wpid-dsc_0019.jpg\" \/><\/a> <\/p>\n<p>Ing-Maries friluftsstrategi har f\u00e5tt genomslag i O-ringens milj\u00f6policy<\/p>\n","protected":false},"excerpt":{"rendered":"<p>Lite k\u00f6rigt i trafiken men v\u00e4nliga v\u00e4gvisare Svea rike Igenbommat Festligt, fartfyllt, folkligt F\u00f6rdelen med nummerlappar framf\u00f6r k\u00f6lappar \u00e4r att de f\u00f6rra inte delas ut i 30-graders t\u00e4ltet, med 86 [&hellip;]<\/p>\n","protected":false},"author":2,"featured_media":0,"comment_status":"open","ping_status":"open","sticky":false,"template":"","format":"standard","meta":{"footnotes":""},"categories":[263],"tags":[270],"class_list":["post-2243","post","type-post","status-publish","format-standard","hentry","category-bloggen","tag-o-ringen-skane-2014"],"_links":{"self":[{"href":"https:\/\/www.ifmarinvast.se\/orientering\/wp-json\/wp\/v2\/posts\/2243","targetHints":{"allow":["GET"]}}],"collection":[{"href":"https:\/\/www.ifmarinvast.se\/orientering\/wp-json\/wp\/v2\/posts"}],"about":[{"href":"https:\/\/www.ifmarinvast.se\/orientering\/wp-json\/wp\/v2\/types\/post"}],"author":[{"embeddable":true,"href":"https:\/\/www.ifmarinvast.se\/orientering\/wp-json\/wp\/v2\/users\/2"}],"replies":[{"embeddable":true,"href":"https:\/\/www.ifmarinvast.se\/orientering\/wp-json\/wp\/v2\/comments?post=2243"}],"version-history":[{"count":1,"href":"https:\/\/www.ifmarinvast.se\/orientering\/wp-json\/wp\/v2\/posts\/2243\/revisions"}],"predecessor-version":[{"id":3022,"href":"https:\/\/www.ifmarinvast.se\/orientering\/wp-json\/wp\/v2\/posts\/2243\/revisions\/3022"}],"wp:attachment":[{"href":"https:\/\/www.ifmarinvast.se\/orientering\/wp-json\/wp\/v2\/media?parent=2243"}],"wp:term":[{"taxonomy":"category","embeddable":true,"href":"https:\/\/www.ifmarinvast.se\/orientering\/wp-json\/wp\/v2\/categories?post=2243"},{"taxonomy":"post_tag","embeddable":true,"href":"https:\/\/www.ifmarinvast.se\/orientering\/wp-json\/wp\/v2\/tags?post=2243"}],"curies":[{"name":"wp","href":"https:\/\/api.w.org\/{rel}","templated":true}]}}