{"id":2241,"date":"2014-07-19T13:54:14","date_gmt":"2014-07-19T11:54:14","guid":{"rendered":"http:\/\/ifmvorientering.wordpress.com\/?p=444"},"modified":"2015-10-11T14:13:56","modified_gmt":"2015-10-11T12:13:56","slug":"kaffepaus-2","status":"publish","type":"post","link":"https:\/\/www.ifmarinvast.se\/orientering\/kaffepaus-2\/","title":{"rendered":"Kaffepaus"},"content":{"rendered":"<p>Kaffepaus i Laholm f\u00f6r Ola, Klas och Anders. Och alla cyklarna \u00e4r med.<\/p>\n<p><a href=\"https:\/\/ifmvorientering.files.wordpress.com\/2014\/07\/wpid-20140719_1325081.jpg\"><img decoding=\"async\" class=\"alignnone size-full\" title=\"20140719_132508.jpg\" src=\"https:\/\/ifmvorientering.files.wordpress.com\/2014\/07\/wpid-20140719_132508.jpg\" alt=\"image\" \/><\/a><\/p>\n<p>Kaffepaus f\u00f6r Anja, Ing-Marie och Linda vid V\u00e5xtorp bygdeg\u00e5rd<br \/>\n<a href=\"https:\/\/ifmvorientering.files.wordpress.com\/2014\/07\/wpid-dsc_0008.jpg\"><img decoding=\"async\" class=\"alignnone size-full\" title=\"DSC_0008.JPG\" src=\"https:\/\/ifmvorientering.files.wordpress.com\/2014\/07\/wpid-dsc_0008.jpg\" alt=\"image\" \/><\/a><\/p>\n","protected":false},"excerpt":{"rendered":"<p>Kaffepaus i Laholm f\u00f6r Ola, Klas och Anders. Och alla cyklarna \u00e4r med. Kaffepaus f\u00f6r Anja, Ing-Marie och Linda vid V\u00e5xtorp bygdeg\u00e5rd<\/p>\n","protected":false},"author":2,"featured_media":0,"comment_status":"open","ping_status":"open","sticky":false,"template":"","format":"standard","meta":{"footnotes":""},"categories":[263],"tags":[270],"class_list":["post-2241","post","type-post","status-publish","format-standard","hentry","category-bloggen","tag-o-ringen-skane-2014"],"_links":{"self":[{"href":"https:\/\/www.ifmarinvast.se\/orientering\/wp-json\/wp\/v2\/posts\/2241","targetHints":{"allow":["GET"]}}],"collection":[{"href":"https:\/\/www.ifmarinvast.se\/orientering\/wp-json\/wp\/v2\/posts"}],"about":[{"href":"https:\/\/www.ifmarinvast.se\/orientering\/wp-json\/wp\/v2\/types\/post"}],"author":[{"embeddable":true,"href":"https:\/\/www.ifmarinvast.se\/orientering\/wp-json\/wp\/v2\/users\/2"}],"replies":[{"embeddable":true,"href":"https:\/\/www.ifmarinvast.se\/orientering\/wp-json\/wp\/v2\/comments?post=2241"}],"version-history":[{"count":1,"href":"https:\/\/www.ifmarinvast.se\/orientering\/wp-json\/wp\/v2\/posts\/2241\/revisions"}],"predecessor-version":[{"id":3024,"href":"https:\/\/www.ifmarinvast.se\/orientering\/wp-json\/wp\/v2\/posts\/2241\/revisions\/3024"}],"wp:attachment":[{"href":"https:\/\/www.ifmarinvast.se\/orientering\/wp-json\/wp\/v2\/media?parent=2241"}],"wp:term":[{"taxonomy":"category","embeddable":true,"href":"https:\/\/www.ifmarinvast.se\/orientering\/wp-json\/wp\/v2\/categories?post=2241"},{"taxonomy":"post_tag","embeddable":true,"href":"https:\/\/www.ifmarinvast.se\/orientering\/wp-json\/wp\/v2\/tags?post=2241"}],"curies":[{"name":"wp","href":"https:\/\/api.w.org\/{rel}","templated":true}]}}