{"id":2240,"date":"2014-07-19T12:27:41","date_gmt":"2014-07-19T10:27:41","guid":{"rendered":"http:\/\/ifmvorientering.wordpress.com\/?p=438"},"modified":"2015-10-11T14:13:56","modified_gmt":"2015-10-11T12:13:56","slug":"dagens-hjaltar","status":"publish","type":"post","link":"https:\/\/www.ifmarinvast.se\/orientering\/dagens-hjaltar\/","title":{"rendered":"Dagens hj\u00e4ltar"},"content":{"rendered":"<p>Med en st\u00e4mningsbild av Hallands\u00e5sen och de v\u00e4na hall\u00e4ndska jordbrukslandskapen annonserar vi dagens hj\u00e4ltar;<\/p>\n<p><a href=\"https:\/\/ifmvorientering.files.wordpress.com\/2014\/07\/wpid-dsc_0003.jpg\"><img decoding=\"async\" class=\"alignnone size-full\" title=\"DSC_0003.JPG\" src=\"https:\/\/ifmvorientering.files.wordpress.com\/2014\/07\/wpid-dsc_0003.jpg\" alt=\"image\" \/><\/a><\/p>\n<p>&#8211; fam Johansson som vart \u00e5r l\u00e5nar ut sin sl\u00e4pk\u00e4rra, vilket i \u00e5r innebar en hel del extra jobb med h\u00e4vning av k\u00f6rf\u00f6rbud, snabbinsatt besiktning och f\u00f6rsvunna kablar<br \/>\n&#8211; Ola som den store organisat\u00f6ren som strukturerade och ordnade upp klubbboendeplanering och cykeltransport, och s\u00e5<br \/>\n&#8211; bil Karin som v\u00e4nde tv\u00e4rt om och kastade sig ner till klubbstugan f\u00f6r att ta med det kvargl\u00f6mda klubbstandaret<\/p>\n<p>Tack alla!<\/p>\n","protected":false},"excerpt":{"rendered":"<p>Med en st\u00e4mningsbild av Hallands\u00e5sen och de v\u00e4na hall\u00e4ndska jordbrukslandskapen annonserar vi dagens hj\u00e4ltar; &#8211; fam Johansson som vart \u00e5r l\u00e5nar ut sin sl\u00e4pk\u00e4rra, vilket i \u00e5r innebar en hel [&hellip;]<\/p>\n","protected":false},"author":2,"featured_media":0,"comment_status":"open","ping_status":"open","sticky":false,"template":"","format":"standard","meta":{"footnotes":""},"categories":[263],"tags":[270],"class_list":["post-2240","post","type-post","status-publish","format-standard","hentry","category-bloggen","tag-o-ringen-skane-2014"],"_links":{"self":[{"href":"https:\/\/www.ifmarinvast.se\/orientering\/wp-json\/wp\/v2\/posts\/2240","targetHints":{"allow":["GET"]}}],"collection":[{"href":"https:\/\/www.ifmarinvast.se\/orientering\/wp-json\/wp\/v2\/posts"}],"about":[{"href":"https:\/\/www.ifmarinvast.se\/orientering\/wp-json\/wp\/v2\/types\/post"}],"author":[{"embeddable":true,"href":"https:\/\/www.ifmarinvast.se\/orientering\/wp-json\/wp\/v2\/users\/2"}],"replies":[{"embeddable":true,"href":"https:\/\/www.ifmarinvast.se\/orientering\/wp-json\/wp\/v2\/comments?post=2240"}],"version-history":[{"count":1,"href":"https:\/\/www.ifmarinvast.se\/orientering\/wp-json\/wp\/v2\/posts\/2240\/revisions"}],"predecessor-version":[{"id":3025,"href":"https:\/\/www.ifmarinvast.se\/orientering\/wp-json\/wp\/v2\/posts\/2240\/revisions\/3025"}],"wp:attachment":[{"href":"https:\/\/www.ifmarinvast.se\/orientering\/wp-json\/wp\/v2\/media?parent=2240"}],"wp:term":[{"taxonomy":"category","embeddable":true,"href":"https:\/\/www.ifmarinvast.se\/orientering\/wp-json\/wp\/v2\/categories?post=2240"},{"taxonomy":"post_tag","embeddable":true,"href":"https:\/\/www.ifmarinvast.se\/orientering\/wp-json\/wp\/v2\/tags?post=2240"}],"curies":[{"name":"wp","href":"https:\/\/api.w.org\/{rel}","templated":true}]}}