{"id":2239,"date":"2014-07-19T11:22:54","date_gmt":"2014-07-19T09:22:54","guid":{"rendered":"http:\/\/ifmvorientering.wordpress.com\/?p=434"},"modified":"2015-10-11T14:13:56","modified_gmt":"2015-10-11T12:13:56","slug":"nu-oppnar-vi-igen","status":"publish","type":"post","link":"https:\/\/www.ifmarinvast.se\/orientering\/nu-oppnar-vi-igen\/","title":{"rendered":"Nu \u00f6ppnar vi igen!"},"content":{"rendered":"<p>O-ringen, detta \u00e5r p\u00e5 det fagra \u00d6sterlen, och s\u00e5 klart \u00e4r IFMV-bloggen p\u00e5 v\u00e4g! Nu k\u00f6r vi igen.<\/p>\n<p><a href=\"https:\/\/ifmvorientering.files.wordpress.com\/2014\/07\/wpid-dsc_0001.jpg\"><img decoding=\"async\" title=\"DSC_0001.JPG\" class=\"alignnone size-full\" alt=\"image\" src=\"https:\/\/ifmvorientering.files.wordpress.com\/2014\/07\/wpid-dsc_0001.jpg\" \/><\/a><\/p>\n<p>Eller, k\u00f6r och k\u00f6r, en av fyra bilar p\u00e5 v\u00e4g mot det gemensamma klubbboendet st\u00e5r stilla i v\u00e4garbetsk\u00f6erna norr om Varberg, en segar sig l\u00e5ngsamt fram i Sandsj\u00f6backatrakten med den johanssonska sl\u00e4pk\u00e4rran, som r\u00e4ddats \u00e5ter till ett aktivt liv i veckan, och en fick v\u00e4nda f\u00f6r att h\u00e4mta klubbstandaret. Men, som v\u00e4gens riddare agerar Hannes och f\u00f6r\u00e4ldrar f\u00f6rtrupp och bevakar fn H\u00e4ssleholm och d\u00e4refter, p\u00e5 C-orten i Norra \u00c5sum, O-ringeninvigningen och Axa-stafetten i klubbens namn, s\u00e5 vi \u00e4r strax fullgott representerade.<\/p>\n<p>Och d\u00e4refter &#8211; mot Paradiset!<\/p>\n","protected":false},"excerpt":{"rendered":"<p>O-ringen, detta \u00e5r p\u00e5 det fagra \u00d6sterlen, och s\u00e5 klart \u00e4r IFMV-bloggen p\u00e5 v\u00e4g! Nu k\u00f6r vi igen. Eller, k\u00f6r och k\u00f6r, en av fyra bilar p\u00e5 v\u00e4g mot det [&hellip;]<\/p>\n","protected":false},"author":2,"featured_media":0,"comment_status":"open","ping_status":"open","sticky":false,"template":"","format":"standard","meta":{"footnotes":""},"categories":[263],"tags":[16,48,99,154,158,270,200,231],"class_list":["post-2239","post","type-post","status-publish","format-standard","hentry","category-bloggen","tag-16","tag-c-orten","tag-hassleholm","tag-norra-asum","tag-o-ringen","tag-o-ringen-skane-2014","tag-slapkarra","tag-vagarbete"],"_links":{"self":[{"href":"https:\/\/www.ifmarinvast.se\/orientering\/wp-json\/wp\/v2\/posts\/2239","targetHints":{"allow":["GET"]}}],"collection":[{"href":"https:\/\/www.ifmarinvast.se\/orientering\/wp-json\/wp\/v2\/posts"}],"about":[{"href":"https:\/\/www.ifmarinvast.se\/orientering\/wp-json\/wp\/v2\/types\/post"}],"author":[{"embeddable":true,"href":"https:\/\/www.ifmarinvast.se\/orientering\/wp-json\/wp\/v2\/users\/2"}],"replies":[{"embeddable":true,"href":"https:\/\/www.ifmarinvast.se\/orientering\/wp-json\/wp\/v2\/comments?post=2239"}],"version-history":[{"count":1,"href":"https:\/\/www.ifmarinvast.se\/orientering\/wp-json\/wp\/v2\/posts\/2239\/revisions"}],"predecessor-version":[{"id":2789,"href":"https:\/\/www.ifmarinvast.se\/orientering\/wp-json\/wp\/v2\/posts\/2239\/revisions\/2789"}],"wp:attachment":[{"href":"https:\/\/www.ifmarinvast.se\/orientering\/wp-json\/wp\/v2\/media?parent=2239"}],"wp:term":[{"taxonomy":"category","embeddable":true,"href":"https:\/\/www.ifmarinvast.se\/orientering\/wp-json\/wp\/v2\/categories?post=2239"},{"taxonomy":"post_tag","embeddable":true,"href":"https:\/\/www.ifmarinvast.se\/orientering\/wp-json\/wp\/v2\/tags?post=2239"}],"curies":[{"name":"wp","href":"https:\/\/api.w.org\/{rel}","templated":true}]}}