{"id":2222,"date":"2013-10-27T18:24:42","date_gmt":"2013-10-27T16:24:42","guid":{"rendered":"https:\/\/ifmvorientering.wordpress.com\/?p=295"},"modified":"2015-10-11T14:08:28","modified_gmt":"2015-10-11T12:08:28","slug":"en-dansk-special","status":"publish","type":"post","link":"https:\/\/www.ifmarinvast.se\/orientering\/en-dansk-special\/","title":{"rendered":"Etapp 2: En dansk special"},"content":{"rendered":"<p>Hur \u00e4r ett danskt TC, fr\u00e5gar ni er? Tja, lite annorlunda mot vad vi \u00e4r vana vid. F\u00f6r det f\u00f6rsta \u00e4r snitself\u00e4rgerna annorlunda mot vad vi brukar ha i Sverige. I skogen har t.ex. markeringen av otydlig stig varit gul ena dagen, r\u00f6d den andra. Gr\u00f6nvitt till start. Snitzel, heter det f\u00f6rresten.<\/p>\n<p>Sedan \u00e4r det ju maten. H\u00e4r \u00e4r det Hannes som k\u00f6pt sig en \u00e6gte dansk p\u00f8lse med br\u00f6d och undrar hur han ska kunna \u00e4ta dem ihop, br\u00f6det \u00e4r ju inte uppskuret. Vuxna kan \u00e4ven f\u00e5 sig en burk stark\u00f6l till korven. Inte som hemma!<br \/>\n<a href=\"http:\/\/ifmvorientering.files.wordpress.com\/2013\/10\/wpid-dsc_0130.jpg\"><img decoding=\"async\" title=\"DSC_0130.JPG\" class=\"alignnone size-full\" alt=\"image\" src=\"http:\/\/ifmvorientering.files.wordpress.com\/2013\/10\/wpid-dsc_0130.jpg\" \/><\/a> <\/p>\n<p>Det h\u00e4r med dusch har inte kommit till Danmark \u00e4n. Eller, de kallar det ju f\u00f6r bad, och det l\u00e5ter lite lite sv\u00e5rare att arrangera kanske. V\u00e5tklut g\u00e4ller. V\u00e5tkluten \u00e4r en bl\u00f6t trasa eller handduk som man tar med sig sj\u00e4lv hemifr\u00e5n och kan gnida av den v\u00e4rsta svettgeggan ur ansiktet med, och s\u00e5 f\u00e5r man byta bort de bl\u00f6taste smutsiga kl\u00e4derna mot torra som ocks\u00e5 blir smutsiga. Duscha kan man g\u00f6ra hemma! Lite l\u00e4skigt i bussen hem n\u00e4r det kryper \u00f6ver hela kroppen dock.<\/p>\n<p>Sportf\u00f6rs\u00e4ljningen g\u00f6rs helt och h\u00e5llet \u00f6ver disk, utom under tiden f\u00f6rs\u00e4ljarna \u00e4r ute i skogen f\u00f6r d\u00e5 \u00e4r det st\u00e4ngt. Resultaten s\u00e4tts upp i ett sinnrikt system med l\u00e5nga magneter. Den f\u00f6rsta dagen sattes varje klassresultat upp under resp klass&#8217; startlista, k\u00e4ckt och l\u00e4tt att j\u00e4mf\u00f6ra och se vilka som kommit i m\u00e5l, tex.<\/p>\n<p>Sedan \u00e4r alla danska funktion\u00e4rer vi m\u00f6tt hemskt trevliga. Det enda vi har lite sv\u00e5rt med \u00e4r r\u00e4kneorden, och ibland andra delar av spr\u00e5ket. Vid prisutdelningen (som var f\u00f6red\u00f6mligt effektiv och samtidigt ceremoniell, och b\u00f6rjade med att alla banl\u00e4ggare och bankontrollanter togs fram och tackades!) k\u00e4nde till exempel vissa svenska damer inte igen sin klass Damer Halv Treds. Men vi sprang ju inte lika konstiga klasser, m\u00f6jligen Damer Treds och Herrer Fem og Treds d\u00e5.<\/p>\n","protected":false},"excerpt":{"rendered":"<p>Hur \u00e4r ett danskt TC, fr\u00e5gar ni er? Tja, lite annorlunda mot vad vi \u00e4r vana vid. F\u00f6r det f\u00f6rsta \u00e4r snitself\u00e4rgerna annorlunda mot vad vi brukar ha i Sverige. [&hellip;]<\/p>\n","protected":false},"author":2,"featured_media":0,"comment_status":"open","ping_status":"open","sticky":false,"template":"","format":"standard","meta":{"footnotes":""},"categories":[263],"tags":[265,122,123,29,171,223,237],"class_list":["post-2222","post","type-post","status-publish","format-standard","hentry","category-bloggen","tag-bornholm-host-open-2013","tag-korv","tag-korvbrod","tag-ol","tag-polse","tag-treds","tag-vatklut"],"_links":{"self":[{"href":"https:\/\/www.ifmarinvast.se\/orientering\/wp-json\/wp\/v2\/posts\/2222","targetHints":{"allow":["GET"]}}],"collection":[{"href":"https:\/\/www.ifmarinvast.se\/orientering\/wp-json\/wp\/v2\/posts"}],"about":[{"href":"https:\/\/www.ifmarinvast.se\/orientering\/wp-json\/wp\/v2\/types\/post"}],"author":[{"embeddable":true,"href":"https:\/\/www.ifmarinvast.se\/orientering\/wp-json\/wp\/v2\/users\/2"}],"replies":[{"embeddable":true,"href":"https:\/\/www.ifmarinvast.se\/orientering\/wp-json\/wp\/v2\/comments?post=2222"}],"version-history":[{"count":1,"href":"https:\/\/www.ifmarinvast.se\/orientering\/wp-json\/wp\/v2\/posts\/2222\/revisions"}],"predecessor-version":[{"id":2916,"href":"https:\/\/www.ifmarinvast.se\/orientering\/wp-json\/wp\/v2\/posts\/2222\/revisions\/2916"}],"wp:attachment":[{"href":"https:\/\/www.ifmarinvast.se\/orientering\/wp-json\/wp\/v2\/media?parent=2222"}],"wp:term":[{"taxonomy":"category","embeddable":true,"href":"https:\/\/www.ifmarinvast.se\/orientering\/wp-json\/wp\/v2\/categories?post=2222"},{"taxonomy":"post_tag","embeddable":true,"href":"https:\/\/www.ifmarinvast.se\/orientering\/wp-json\/wp\/v2\/tags?post=2222"}],"curies":[{"name":"wp","href":"https:\/\/api.w.org\/{rel}","templated":true}]}}