{"id":2221,"date":"2013-10-27T08:45:19","date_gmt":"2013-10-27T06:45:19","guid":{"rendered":"https:\/\/ifmvorientering.wordpress.com\/?p=293"},"modified":"2015-10-11T14:08:28","modified_gmt":"2015-10-11T12:08:28","slug":"grillbuffe-och-dans","status":"publish","type":"post","link":"https:\/\/www.ifmarinvast.se\/orientering\/grillbuffe-och-dans\/","title":{"rendered":"Grillbuff\u00e9 och dans"},"content":{"rendered":"<p>&#8230;nj\u00f6t vi av ig\u00e5r. Idag v\u00e4ntar nya \u00e4ventyr i Almindingen p\u00e5 Bornholms mitt.<br \/>\n<a href=\"http:\/\/ifmvorientering.files.wordpress.com\/2013\/10\/wpid-dsc_0127.jpg\"><img decoding=\"async\" title=\"DSC_0127.JPG\" class=\"alignnone size-full\" alt=\"image\" src=\"http:\/\/ifmvorientering.files.wordpress.com\/2013\/10\/wpid-dsc_0127.jpg\" \/><\/a><br \/>\n(nej, det \u00e4r \u00e4ppeljuice i glaset)<\/p>\n<p><a href=\"http:\/\/ifmvorientering.files.wordpress.com\/2013\/10\/wpid-dsc_0128.jpg\"><img decoding=\"async\" title=\"DSC_0128.JPG\" class=\"alignnone size-full\" alt=\"image\" src=\"http:\/\/ifmvorientering.files.wordpress.com\/2013\/10\/wpid-dsc_0128.jpg\" \/><\/a><br \/>\n(ja, det \u00e4r bornholmsk \u00f6l i vuxenglaset)<\/p>\n","protected":false},"excerpt":{"rendered":"<p>&#8230;nj\u00f6t vi av ig\u00e5r. Idag v\u00e4ntar nya \u00e4ventyr i Almindingen p\u00e5 Bornholms mitt. (nej, det \u00e4r \u00e4ppeljuice i glaset) (ja, det \u00e4r bornholmsk \u00f6l i vuxenglaset)<\/p>\n","protected":false},"author":2,"featured_media":0,"comment_status":"open","ping_status":"open","sticky":false,"template":"","format":"standard","meta":{"footnotes":""},"categories":[263],"tags":[26,265,36,57,94,29,216],"class_list":["post-2221","post","type-post","status-publish","format-standard","hentry","category-bloggen","tag-appeljuice","tag-bornholm-host-open-2013","tag-bornholmkylling","tag-dans","tag-grillbuffe","tag-ol","tag-svaneke"],"_links":{"self":[{"href":"https:\/\/www.ifmarinvast.se\/orientering\/wp-json\/wp\/v2\/posts\/2221","targetHints":{"allow":["GET"]}}],"collection":[{"href":"https:\/\/www.ifmarinvast.se\/orientering\/wp-json\/wp\/v2\/posts"}],"about":[{"href":"https:\/\/www.ifmarinvast.se\/orientering\/wp-json\/wp\/v2\/types\/post"}],"author":[{"embeddable":true,"href":"https:\/\/www.ifmarinvast.se\/orientering\/wp-json\/wp\/v2\/users\/2"}],"replies":[{"embeddable":true,"href":"https:\/\/www.ifmarinvast.se\/orientering\/wp-json\/wp\/v2\/comments?post=2221"}],"version-history":[{"count":1,"href":"https:\/\/www.ifmarinvast.se\/orientering\/wp-json\/wp\/v2\/posts\/2221\/revisions"}],"predecessor-version":[{"id":2917,"href":"https:\/\/www.ifmarinvast.se\/orientering\/wp-json\/wp\/v2\/posts\/2221\/revisions\/2917"}],"wp:attachment":[{"href":"https:\/\/www.ifmarinvast.se\/orientering\/wp-json\/wp\/v2\/media?parent=2221"}],"wp:term":[{"taxonomy":"category","embeddable":true,"href":"https:\/\/www.ifmarinvast.se\/orientering\/wp-json\/wp\/v2\/categories?post=2221"},{"taxonomy":"post_tag","embeddable":true,"href":"https:\/\/www.ifmarinvast.se\/orientering\/wp-json\/wp\/v2\/tags?post=2221"}],"curies":[{"name":"wp","href":"https:\/\/api.w.org\/{rel}","templated":true}]}}