{"id":222,"date":"2001-08-25T00:00:00","date_gmt":"2001-08-24T22:00:00","guid":{"rendered":"http:\/\/ifmarinvast.se\/2016\/mote-kansolagret\/"},"modified":"2015-10-11T14:48:07","modified_gmt":"2015-10-11T12:48:07","slug":"mote-kansolagret","status":"publish","type":"post","link":"https:\/\/www.ifmarinvast.se\/orientering\/mote-kansolagret\/","title":{"rendered":"M\u00d6TE K\u00c4NS\u00d6L\u00c4GRET"},"content":{"rendered":"<p>S\u00f6ndag 26 aug kl 18.00 tr\u00e4ffas alla ledare p\u00e5 K\u00e4ns\u00f6l\u00e4gret i klubbstugan f\u00f6r en sista avst\u00e4mning inf\u00f6r l\u00e4gret n\u00e4sta veckohelg. Tag med f\u00e4rdigt planeringsunderlag (OL-banor m m)till tr\u00e4ffen. Kontakta Bengt D om ni inte kan komma.<\/p>\n","protected":false},"excerpt":{"rendered":"<p>S\u00f6ndag 26 aug kl 18.00 tr\u00e4ffas alla ledare p\u00e5 K\u00e4ns\u00f6l\u00e4gret i klubbstugan f\u00f6r en sista avst\u00e4mning inf\u00f6r l\u00e4gret n\u00e4sta veckohelg. Tag med f\u00e4rdigt planeringsunderlag (OL-banor m m)till tr\u00e4ffen. Kontakta Bengt [&hellip;]<\/p>\n","protected":false},"author":2,"featured_media":0,"comment_status":"open","ping_status":"open","sticky":false,"template":"","format":"standard","meta":{"footnotes":""},"categories":[262,1],"tags":[],"class_list":["post-222","post","type-post","status-publish","format-standard","hentry","category-nyheter","category-okategoriserade"],"_links":{"self":[{"href":"https:\/\/www.ifmarinvast.se\/orientering\/wp-json\/wp\/v2\/posts\/222","targetHints":{"allow":["GET"]}}],"collection":[{"href":"https:\/\/www.ifmarinvast.se\/orientering\/wp-json\/wp\/v2\/posts"}],"about":[{"href":"https:\/\/www.ifmarinvast.se\/orientering\/wp-json\/wp\/v2\/types\/post"}],"author":[{"embeddable":true,"href":"https:\/\/www.ifmarinvast.se\/orientering\/wp-json\/wp\/v2\/users\/2"}],"replies":[{"embeddable":true,"href":"https:\/\/www.ifmarinvast.se\/orientering\/wp-json\/wp\/v2\/comments?post=222"}],"version-history":[{"count":1,"href":"https:\/\/www.ifmarinvast.se\/orientering\/wp-json\/wp\/v2\/posts\/222\/revisions"}],"predecessor-version":[{"id":410,"href":"https:\/\/www.ifmarinvast.se\/orientering\/wp-json\/wp\/v2\/posts\/222\/revisions\/410"}],"wp:attachment":[{"href":"https:\/\/www.ifmarinvast.se\/orientering\/wp-json\/wp\/v2\/media?parent=222"}],"wp:term":[{"taxonomy":"category","embeddable":true,"href":"https:\/\/www.ifmarinvast.se\/orientering\/wp-json\/wp\/v2\/categories?post=222"},{"taxonomy":"post_tag","embeddable":true,"href":"https:\/\/www.ifmarinvast.se\/orientering\/wp-json\/wp\/v2\/tags?post=222"}],"curies":[{"name":"wp","href":"https:\/\/api.w.org\/{rel}","templated":true}]}}