{"id":2211,"date":"2013-07-25T23:37:50","date_gmt":"2013-07-25T21:37:50","guid":{"rendered":"https:\/\/ifmvorientering.wordpress.com\/?p=214"},"modified":"2015-10-11T14:11:56","modified_gmt":"2015-10-11T12:11:56","slug":"middag-med-trojutdelning","status":"publish","type":"post","link":"https:\/\/www.ifmarinvast.se\/orientering\/middag-med-trojutdelning\/","title":{"rendered":"Middag med tr\u00f6jutdelning"},"content":{"rendered":"<p>P\u00e5 torsdagkv\u00e4llen samlades alla IFMVare i G\u00f6stas och Hannes hus f\u00f6r en traditionsenlig klubbsammankomst. Kv\u00e4llen inleddes med KM i kubb. Som vinnare stod tillslut det ena laget. Medan det andra laget f\u00f6rlorade. Stort grattis! <\/p>\n<p>En fantastisk middag avspisades d\u00e4refter ute p\u00e5 verandan i s\u00e4llskap av n\u00e5gra lokala myggor. <\/p>\n<p>Efter jordgubbar och glass var det dags f\u00f6r tr\u00f6jutdelning. Dagens raket blev den oefterh\u00e4rmliga Linda medan Hannes bel\u00f6nades med raset-tr\u00f6jan.<\/p>\n<p><a href=\"http:\/\/ifmvorientering.files.wordpress.com\/2013\/07\/wpid-20130725_212348.jpg\"><img decoding=\"async\" title=\"20130725_212348.jpg\" class=\"alignnone size-full\" alt=\"image\" src=\"http:\/\/ifmvorientering.files.wordpress.com\/2013\/07\/wpid-20130725_212348.jpg\" \/><\/a><\/p>\n","protected":false},"excerpt":{"rendered":"<p>P\u00e5 torsdagkv\u00e4llen samlades alla IFMVare i G\u00f6stas och Hannes hus f\u00f6r en traditionsenlig klubbsammankomst. Kv\u00e4llen inleddes med KM i kubb. Som vinnare stod tillslut det ena laget. Medan det andra [&hellip;]<\/p>\n","protected":false},"author":2,"featured_media":0,"comment_status":"open","ping_status":"open","sticky":false,"template":"","format":"standard","meta":{"footnotes":""},"categories":[263],"tags":[268],"class_list":["post-2211","post","type-post","status-publish","format-standard","hentry","category-bloggen","tag-o-ringen-boden-2013"],"_links":{"self":[{"href":"https:\/\/www.ifmarinvast.se\/orientering\/wp-json\/wp\/v2\/posts\/2211","targetHints":{"allow":["GET"]}}],"collection":[{"href":"https:\/\/www.ifmarinvast.se\/orientering\/wp-json\/wp\/v2\/posts"}],"about":[{"href":"https:\/\/www.ifmarinvast.se\/orientering\/wp-json\/wp\/v2\/types\/post"}],"author":[{"embeddable":true,"href":"https:\/\/www.ifmarinvast.se\/orientering\/wp-json\/wp\/v2\/users\/2"}],"replies":[{"embeddable":true,"href":"https:\/\/www.ifmarinvast.se\/orientering\/wp-json\/wp\/v2\/comments?post=2211"}],"version-history":[{"count":1,"href":"https:\/\/www.ifmarinvast.se\/orientering\/wp-json\/wp\/v2\/posts\/2211\/revisions"}],"predecessor-version":[{"id":2961,"href":"https:\/\/www.ifmarinvast.se\/orientering\/wp-json\/wp\/v2\/posts\/2211\/revisions\/2961"}],"wp:attachment":[{"href":"https:\/\/www.ifmarinvast.se\/orientering\/wp-json\/wp\/v2\/media?parent=2211"}],"wp:term":[{"taxonomy":"category","embeddable":true,"href":"https:\/\/www.ifmarinvast.se\/orientering\/wp-json\/wp\/v2\/categories?post=2211"},{"taxonomy":"post_tag","embeddable":true,"href":"https:\/\/www.ifmarinvast.se\/orientering\/wp-json\/wp\/v2\/tags?post=2211"}],"curies":[{"name":"wp","href":"https:\/\/api.w.org\/{rel}","templated":true}]}}