{"id":221,"date":"2001-08-25T00:00:00","date_gmt":"2001-08-24T22:00:00","guid":{"rendered":"http:\/\/ifmarinvast.se\/2016\/kvarglomd-klubbjacka-fran-dm-kort-25-aug\/"},"modified":"2015-10-11T14:48:07","modified_gmt":"2015-10-11T12:48:07","slug":"kvarglomd-klubbjacka-fran-dm-kort-25-aug","status":"publish","type":"post","link":"https:\/\/www.ifmarinvast.se\/orientering\/kvarglomd-klubbjacka-fran-dm-kort-25-aug\/","title":{"rendered":"KVARGL\u00d6MD KLUBBJACKA FR\u00c5N DM-KORT 25 AUG"},"content":{"rendered":"<p>N\u00e5gon gl\u00f6mde en jacka till klubboverallen p\u00e5 dagens t\u00e4vling. Storlek 150 cl. H\u00f6r av dig till Bengt Dellming 29 51 07 f\u00f6r avh\u00e4mtning.<\/p>\n","protected":false},"excerpt":{"rendered":"<p>N\u00e5gon gl\u00f6mde en jacka till klubboverallen p\u00e5 dagens t\u00e4vling. Storlek 150 cl. H\u00f6r av dig till Bengt Dellming 29 51 07 f\u00f6r avh\u00e4mtning.<\/p>\n","protected":false},"author":2,"featured_media":0,"comment_status":"open","ping_status":"open","sticky":false,"template":"","format":"standard","meta":{"footnotes":""},"categories":[262,1],"tags":[],"class_list":["post-221","post","type-post","status-publish","format-standard","hentry","category-nyheter","category-okategoriserade"],"_links":{"self":[{"href":"https:\/\/www.ifmarinvast.se\/orientering\/wp-json\/wp\/v2\/posts\/221","targetHints":{"allow":["GET"]}}],"collection":[{"href":"https:\/\/www.ifmarinvast.se\/orientering\/wp-json\/wp\/v2\/posts"}],"about":[{"href":"https:\/\/www.ifmarinvast.se\/orientering\/wp-json\/wp\/v2\/types\/post"}],"author":[{"embeddable":true,"href":"https:\/\/www.ifmarinvast.se\/orientering\/wp-json\/wp\/v2\/users\/2"}],"replies":[{"embeddable":true,"href":"https:\/\/www.ifmarinvast.se\/orientering\/wp-json\/wp\/v2\/comments?post=221"}],"version-history":[{"count":1,"href":"https:\/\/www.ifmarinvast.se\/orientering\/wp-json\/wp\/v2\/posts\/221\/revisions"}],"predecessor-version":[{"id":409,"href":"https:\/\/www.ifmarinvast.se\/orientering\/wp-json\/wp\/v2\/posts\/221\/revisions\/409"}],"wp:attachment":[{"href":"https:\/\/www.ifmarinvast.se\/orientering\/wp-json\/wp\/v2\/media?parent=221"}],"wp:term":[{"taxonomy":"category","embeddable":true,"href":"https:\/\/www.ifmarinvast.se\/orientering\/wp-json\/wp\/v2\/categories?post=221"},{"taxonomy":"post_tag","embeddable":true,"href":"https:\/\/www.ifmarinvast.se\/orientering\/wp-json\/wp\/v2\/tags?post=221"}],"curies":[{"name":"wp","href":"https:\/\/api.w.org\/{rel}","templated":true}]}}