{"id":2209,"date":"2013-07-24T13:35:46","date_gmt":"2013-07-24T11:35:46","guid":{"rendered":"https:\/\/ifmvorientering.wordpress.com\/?p=193"},"modified":"2015-10-11T14:11:57","modified_gmt":"2015-10-11T12:11:57","slug":"bengts-bravader","status":"publish","type":"post","link":"https:\/\/www.ifmarinvast.se\/orientering\/bengts-bravader\/","title":{"rendered":"Bengts bravader"},"content":{"rendered":"<p>Trots ett sinnrikt system med g\u00f6mst\u00e4llen i olika s\u00e4ngstolpar och separering i olika fickor, lyckades Bengt p\u00e5 vilodagen l\u00e5sa in inte en men b\u00e5da nycklarna till sitt l\u00e5nade h\u00e4ngl\u00e5s inuti persedelsk\u00e5pet.<\/p>\n<p>Som tur \u00e4r 1 s\u00e5 var Statoil i Boden v\u00e4nliga nog att l\u00e5na ut en bultsax till vilt fr\u00e4mmande g\u00f6teborgare, och som tur \u00e4r 2 hann Anja hem och kunde tipsa om att alla nycklarna passar i alla h\u00e4ngl\u00e5s.<\/p>\n<p><img decoding=\"async\" title=\"DSC_0243.JPG\" class=\"alignnone\" alt=\"image\" src=\"http:\/\/ifmvorientering.files.wordpress.com\/2013\/07\/wpid-dsc_0243.jpg\" \/><\/p>\n<p>Nycklarna r\u00e4ddade. Med bravur.<\/p>\n","protected":false},"excerpt":{"rendered":"<p>Trots ett sinnrikt system med g\u00f6mst\u00e4llen i olika s\u00e4ngstolpar och separering i olika fickor, lyckades Bengt p\u00e5 vilodagen l\u00e5sa in inte en men b\u00e5da nycklarna till sitt l\u00e5nade h\u00e4ngl\u00e5s inuti [&hellip;]<\/p>\n","protected":false},"author":2,"featured_media":0,"comment_status":"open","ping_status":"open","sticky":false,"template":"","format":"standard","meta":{"footnotes":""},"categories":[263],"tags":[31,44,88,157,268],"class_list":["post-2209","post","type-post","status-publish","format-standard","hentry","category-bloggen","tag-bengt","tag-bultsax","tag-glomt","tag-nycklar","tag-o-ringen-boden-2013"],"_links":{"self":[{"href":"https:\/\/www.ifmarinvast.se\/orientering\/wp-json\/wp\/v2\/posts\/2209","targetHints":{"allow":["GET"]}}],"collection":[{"href":"https:\/\/www.ifmarinvast.se\/orientering\/wp-json\/wp\/v2\/posts"}],"about":[{"href":"https:\/\/www.ifmarinvast.se\/orientering\/wp-json\/wp\/v2\/types\/post"}],"author":[{"embeddable":true,"href":"https:\/\/www.ifmarinvast.se\/orientering\/wp-json\/wp\/v2\/users\/2"}],"replies":[{"embeddable":true,"href":"https:\/\/www.ifmarinvast.se\/orientering\/wp-json\/wp\/v2\/comments?post=2209"}],"version-history":[{"count":1,"href":"https:\/\/www.ifmarinvast.se\/orientering\/wp-json\/wp\/v2\/posts\/2209\/revisions"}],"predecessor-version":[{"id":2966,"href":"https:\/\/www.ifmarinvast.se\/orientering\/wp-json\/wp\/v2\/posts\/2209\/revisions\/2966"}],"wp:attachment":[{"href":"https:\/\/www.ifmarinvast.se\/orientering\/wp-json\/wp\/v2\/media?parent=2209"}],"wp:term":[{"taxonomy":"category","embeddable":true,"href":"https:\/\/www.ifmarinvast.se\/orientering\/wp-json\/wp\/v2\/categories?post=2209"},{"taxonomy":"post_tag","embeddable":true,"href":"https:\/\/www.ifmarinvast.se\/orientering\/wp-json\/wp\/v2\/tags?post=2209"}],"curies":[{"name":"wp","href":"https:\/\/api.w.org\/{rel}","templated":true}]}}