{"id":2208,"date":"2013-07-24T06:30:50","date_gmt":"2013-07-24T04:30:50","guid":{"rendered":"https:\/\/ifmvorientering.wordpress.com\/?p=190"},"modified":"2015-10-11T14:11:57","modified_gmt":"2015-10-11T12:11:57","slug":"morgonstund-har-guld-i-mund","status":"publish","type":"post","link":"https:\/\/www.ifmarinvast.se\/orientering\/morgonstund-har-guld-i-mund\/","title":{"rendered":"Morgonstund har guld i mund"},"content":{"rendered":"<p>Idag \u00e5ker vi buss till etappen! Antingen fr\u00e5n C-orten har eller om man k\u00f6r bil, fr\u00e5n en omlastningsplats ute i skogen.<\/p>\n<p><img decoding=\"async\" title=\"DSC_0244.JPG\" class=\"alignnone\" alt=\"image\" src=\"http:\/\/ifmvorientering.files.wordpress.com\/2013\/07\/wpid-dsc_0244.jpg\" \/><\/p>\n<p>Eftersom vi idag hade okristligt tidiga starter var det s\u00e5 h\u00e4r tomt p\u00e5 TC n\u00e4r vi kom dit. Det var dock 200m k\u00f6 till parkeringsbussarna, s\u00e5 Janne och Anders L gick ist\u00e4llet. Senare under dagen blev v\u00e5rt lilla TC smockfullt, bussk\u00f6n tog en timme och arrang\u00f6rena fick flytta om starttider. Men det drabbade inte oss! Flaggan slogs ner kl07.00 med hj\u00e4lp av OK Hj\u00e4rnarps hammare.<br \/>\n<img decoding=\"async\" title=\"DSC_0245.JPG\" class=\"alignnone\" alt=\"image\" src=\"http:\/\/ifmvorientering.files.wordpress.com\/2013\/07\/wpid-dsc_0245.jpg\" \/><\/p>\n","protected":false},"excerpt":{"rendered":"<p>Idag \u00e5ker vi buss till etappen! Antingen fr\u00e5n C-orten har eller om man k\u00f6r bil, fr\u00e5n en omlastningsplats ute i skogen. Eftersom vi idag hade okristligt tidiga starter var det [&hellip;]<\/p>\n","protected":false},"author":2,"featured_media":0,"comment_status":"open","ping_status":"open","sticky":false,"template":"","format":"standard","meta":{"footnotes":""},"categories":[263],"tags":[45,46,48,64,98,268],"class_list":["post-2208","post","type-post","status-publish","format-standard","hentry","category-bloggen","tag-buss","tag-busskaos","tag-c-orten","tag-e3","tag-hammare","tag-o-ringen-boden-2013"],"_links":{"self":[{"href":"https:\/\/www.ifmarinvast.se\/orientering\/wp-json\/wp\/v2\/posts\/2208","targetHints":{"allow":["GET"]}}],"collection":[{"href":"https:\/\/www.ifmarinvast.se\/orientering\/wp-json\/wp\/v2\/posts"}],"about":[{"href":"https:\/\/www.ifmarinvast.se\/orientering\/wp-json\/wp\/v2\/types\/post"}],"author":[{"embeddable":true,"href":"https:\/\/www.ifmarinvast.se\/orientering\/wp-json\/wp\/v2\/users\/2"}],"replies":[{"embeddable":true,"href":"https:\/\/www.ifmarinvast.se\/orientering\/wp-json\/wp\/v2\/comments?post=2208"}],"version-history":[{"count":1,"href":"https:\/\/www.ifmarinvast.se\/orientering\/wp-json\/wp\/v2\/posts\/2208\/revisions"}],"predecessor-version":[{"id":2967,"href":"https:\/\/www.ifmarinvast.se\/orientering\/wp-json\/wp\/v2\/posts\/2208\/revisions\/2967"}],"wp:attachment":[{"href":"https:\/\/www.ifmarinvast.se\/orientering\/wp-json\/wp\/v2\/media?parent=2208"}],"wp:term":[{"taxonomy":"category","embeddable":true,"href":"https:\/\/www.ifmarinvast.se\/orientering\/wp-json\/wp\/v2\/categories?post=2208"},{"taxonomy":"post_tag","embeddable":true,"href":"https:\/\/www.ifmarinvast.se\/orientering\/wp-json\/wp\/v2\/tags?post=2208"}],"curies":[{"name":"wp","href":"https:\/\/api.w.org\/{rel}","templated":true}]}}