{"id":2201,"date":"2013-07-21T13:07:52","date_gmt":"2013-07-21T11:07:52","guid":{"rendered":"https:\/\/ifmvorientering.wordpress.com\/?p=122"},"modified":"2015-10-11T14:12:11","modified_gmt":"2015-10-11T12:12:11","slug":"trangt-i-mal","status":"publish","type":"post","link":"https:\/\/www.ifmarinvast.se\/orientering\/trangt-i-mal\/","title":{"rendered":"Tr\u00e5ngt i m\u00e5l"},"content":{"rendered":"<p>Kapaciteten f\u00f6r utst\u00e4mpling eller n\u00e5t annat verkar strula. Och v\u00e4tskan \u00e4r slut efter m\u00e5l, men det vet inte Anders och Bengt \u00e4nnu n\u00e4r de st\u00e4ller sig i 10min-k\u00f6n. Vi v\u00e4ntar p\u00e5 rapporter fr\u00e5n skogen nu!<\/p>\n<p><img decoding=\"async\" title=\"DSC_0197.JPG\" class=\"alignnone\" alt=\"image\" src=\"http:\/\/ifmvorientering.files.wordpress.com\/2013\/07\/wpid-dsc_0197.jpg\" \/><\/p>\n","protected":false},"excerpt":{"rendered":"<p>Kapaciteten f\u00f6r utst\u00e4mpling eller n\u00e5t annat verkar strula. Och v\u00e4tskan \u00e4r slut efter m\u00e5l, men det vet inte Anders och Bengt \u00e4nnu n\u00e4r de st\u00e4ller sig i 10min-k\u00f6n. Vi v\u00e4ntar [&hellip;]<\/p>\n","protected":false},"author":2,"featured_media":0,"comment_status":"open","ping_status":"open","sticky":false,"template":"","format":"standard","meta":{"footnotes":""},"categories":[263],"tags":[62,108,117,144,268,161],"class_list":["post-2201","post","type-post","status-publish","format-standard","hentry","category-bloggen","tag-e1","tag-inget-vatten","tag-ko","tag-mal","tag-o-ringen-boden-2013","tag-ola"],"_links":{"self":[{"href":"https:\/\/www.ifmarinvast.se\/orientering\/wp-json\/wp\/v2\/posts\/2201","targetHints":{"allow":["GET"]}}],"collection":[{"href":"https:\/\/www.ifmarinvast.se\/orientering\/wp-json\/wp\/v2\/posts"}],"about":[{"href":"https:\/\/www.ifmarinvast.se\/orientering\/wp-json\/wp\/v2\/types\/post"}],"author":[{"embeddable":true,"href":"https:\/\/www.ifmarinvast.se\/orientering\/wp-json\/wp\/v2\/users\/2"}],"replies":[{"embeddable":true,"href":"https:\/\/www.ifmarinvast.se\/orientering\/wp-json\/wp\/v2\/comments?post=2201"}],"version-history":[{"count":1,"href":"https:\/\/www.ifmarinvast.se\/orientering\/wp-json\/wp\/v2\/posts\/2201\/revisions"}],"predecessor-version":[{"id":2984,"href":"https:\/\/www.ifmarinvast.se\/orientering\/wp-json\/wp\/v2\/posts\/2201\/revisions\/2984"}],"wp:attachment":[{"href":"https:\/\/www.ifmarinvast.se\/orientering\/wp-json\/wp\/v2\/media?parent=2201"}],"wp:term":[{"taxonomy":"category","embeddable":true,"href":"https:\/\/www.ifmarinvast.se\/orientering\/wp-json\/wp\/v2\/categories?post=2201"},{"taxonomy":"post_tag","embeddable":true,"href":"https:\/\/www.ifmarinvast.se\/orientering\/wp-json\/wp\/v2\/tags?post=2201"}],"curies":[{"name":"wp","href":"https:\/\/api.w.org\/{rel}","templated":true}]}}