{"id":220,"date":"2001-08-24T00:00:00","date_gmt":"2001-08-23T22:00:00","guid":{"rendered":"http:\/\/ifmarinvast.se\/2016\/sista-dagen\/"},"modified":"2015-10-11T14:48:07","modified_gmt":"2015-10-11T12:48:07","slug":"sista-dagen","status":"publish","type":"post","link":"https:\/\/www.ifmarinvast.se\/orientering\/sista-dagen\/","title":{"rendered":"Sista dagen!!!"},"content":{"rendered":"<p>Idag \u00e4r det sista anm\u00e4lningsdagen till l\u00e4gret! \u00c4n \u00e4r det m\u00e5nga som vi inte h\u00f6rt n\u00e5got ifr\u00e5n. Se till att f\u00e5 s\u00e4nt in en anm\u00e4lan\/avanm\u00e4lan s\u00e5 snart som m\u00f6jligt om ni avser deltaga.<br \/><a href='aktuellt\/lager2001.asp'>L\u00e4ger 2001<\/a><\/p>\n","protected":false},"excerpt":{"rendered":"<p>Idag \u00e4r det sista anm\u00e4lningsdagen till l\u00e4gret! \u00c4n \u00e4r det m\u00e5nga som vi inte h\u00f6rt n\u00e5got ifr\u00e5n. Se till att f\u00e5 s\u00e4nt in en anm\u00e4lan\/avanm\u00e4lan s\u00e5 snart som m\u00f6jligt om [&hellip;]<\/p>\n","protected":false},"author":2,"featured_media":0,"comment_status":"open","ping_status":"open","sticky":false,"template":"","format":"standard","meta":{"footnotes":""},"categories":[262,1],"tags":[],"class_list":["post-220","post","type-post","status-publish","format-standard","hentry","category-nyheter","category-okategoriserade"],"_links":{"self":[{"href":"https:\/\/www.ifmarinvast.se\/orientering\/wp-json\/wp\/v2\/posts\/220","targetHints":{"allow":["GET"]}}],"collection":[{"href":"https:\/\/www.ifmarinvast.se\/orientering\/wp-json\/wp\/v2\/posts"}],"about":[{"href":"https:\/\/www.ifmarinvast.se\/orientering\/wp-json\/wp\/v2\/types\/post"}],"author":[{"embeddable":true,"href":"https:\/\/www.ifmarinvast.se\/orientering\/wp-json\/wp\/v2\/users\/2"}],"replies":[{"embeddable":true,"href":"https:\/\/www.ifmarinvast.se\/orientering\/wp-json\/wp\/v2\/comments?post=220"}],"version-history":[{"count":2,"href":"https:\/\/www.ifmarinvast.se\/orientering\/wp-json\/wp\/v2\/posts\/220\/revisions"}],"predecessor-version":[{"id":1575,"href":"https:\/\/www.ifmarinvast.se\/orientering\/wp-json\/wp\/v2\/posts\/220\/revisions\/1575"}],"wp:attachment":[{"href":"https:\/\/www.ifmarinvast.se\/orientering\/wp-json\/wp\/v2\/media?parent=220"}],"wp:term":[{"taxonomy":"category","embeddable":true,"href":"https:\/\/www.ifmarinvast.se\/orientering\/wp-json\/wp\/v2\/categories?post=220"},{"taxonomy":"post_tag","embeddable":true,"href":"https:\/\/www.ifmarinvast.se\/orientering\/wp-json\/wp\/v2\/tags?post=220"}],"curies":[{"name":"wp","href":"https:\/\/api.w.org\/{rel}","templated":true}]}}