{"id":2197,"date":"2013-07-19T09:54:44","date_gmt":"2013-07-19T07:54:44","guid":{"rendered":"https:\/\/ifmvorientering.wordpress.com\/?p=32"},"modified":"2015-10-11T14:12:29","modified_gmt":"2015-10-11T12:12:29","slug":"ratt-svar-bastutrask","status":"publish","type":"post","link":"https:\/\/www.ifmarinvast.se\/orientering\/ratt-svar-bastutrask\/","title":{"rendered":"R\u00e4tt svar: Bastutr\u00e4sk!"},"content":{"rendered":"<p><a href=\"http:\/\/ifmvorientering.files.wordpress.com\/2013\/07\/wpid-20130719_082553.jpg\"><img decoding=\"async\" title=\"20130719_082553.jpg\" class=\"alignnone size-full\" alt=\"image\" src=\"http:\/\/ifmvorientering.files.wordpress.com\/2013\/07\/wpid-20130719_082553.jpg\" \/><\/a> <\/p>\n<p>12 minuters paus i Bastustutr\u00e4sk. T\u00e5get \u00e4r verkligen j\u00e4ttel\u00e5ngt. Och Bengt flrklarar f\u00f6r Klas hur vagnarna sitter ihop. Klas \u00e4r skeptisk till att det kan h\u00e5lla. <\/p>\n<p><img decoding=\"async\" title=\"DSC_0132.JPG\" class=\"alignnone\" alt=\"image\" src=\"http:\/\/ifmvorientering.files.wordpress.com\/2013\/07\/wpid-dsc_0132.jpg\" \/><\/p>\n<p><a href=\"http:\/\/ifmvorientering.files.wordpress.com\/2013\/07\/20130719-095539.jpg\"><img decoding=\"async\" src=\"http:\/\/ifmvorientering.files.wordpress.com\/2013\/07\/20130719-095539.jpg\" alt=\"20130719-095539.jpg\" class=\"alignnone size-full\" \/><\/a><\/p>\n<p>Vissa resen\u00e4rer fick \u00e4ven en egen mottagningskarneval, noterade vi.<\/p>\n<p><img decoding=\"async\" title=\"DSC_0126.JPG\" class=\"alignnone\" alt=\"image\" src=\"http:\/\/ifmvorientering.files.wordpress.com\/2013\/07\/wpid-dsc_0126.jpg\" \/><\/p>\n","protected":false},"excerpt":{"rendered":"<p>12 minuters paus i Bastustutr\u00e4sk. T\u00e5get \u00e4r verkligen j\u00e4ttel\u00e5ngt. Och Bengt flrklarar f\u00f6r Klas hur vagnarna sitter ihop. Klas \u00e4r skeptisk till att det kan h\u00e5lla. Vissa resen\u00e4rer fick \u00e4ven [&hellip;]<\/p>\n","protected":false},"author":2,"featured_media":0,"comment_status":"open","ping_status":"open","sticky":false,"template":"","format":"standard","meta":{"footnotes":""},"categories":[263],"tags":[268],"class_list":["post-2197","post","type-post","status-publish","format-standard","hentry","category-bloggen","tag-o-ringen-boden-2013"],"_links":{"self":[{"href":"https:\/\/www.ifmarinvast.se\/orientering\/wp-json\/wp\/v2\/posts\/2197","targetHints":{"allow":["GET"]}}],"collection":[{"href":"https:\/\/www.ifmarinvast.se\/orientering\/wp-json\/wp\/v2\/posts"}],"about":[{"href":"https:\/\/www.ifmarinvast.se\/orientering\/wp-json\/wp\/v2\/types\/post"}],"author":[{"embeddable":true,"href":"https:\/\/www.ifmarinvast.se\/orientering\/wp-json\/wp\/v2\/users\/2"}],"replies":[{"embeddable":true,"href":"https:\/\/www.ifmarinvast.se\/orientering\/wp-json\/wp\/v2\/comments?post=2197"}],"version-history":[{"count":1,"href":"https:\/\/www.ifmarinvast.se\/orientering\/wp-json\/wp\/v2\/posts\/2197\/revisions"}],"predecessor-version":[{"id":2796,"href":"https:\/\/www.ifmarinvast.se\/orientering\/wp-json\/wp\/v2\/posts\/2197\/revisions\/2796"}],"wp:attachment":[{"href":"https:\/\/www.ifmarinvast.se\/orientering\/wp-json\/wp\/v2\/media?parent=2197"}],"wp:term":[{"taxonomy":"category","embeddable":true,"href":"https:\/\/www.ifmarinvast.se\/orientering\/wp-json\/wp\/v2\/categories?post=2197"},{"taxonomy":"post_tag","embeddable":true,"href":"https:\/\/www.ifmarinvast.se\/orientering\/wp-json\/wp\/v2\/tags?post=2197"}],"curies":[{"name":"wp","href":"https:\/\/api.w.org\/{rel}","templated":true}]}}