{"id":2192,"date":"2013-07-18T18:20:10","date_gmt":"2013-07-18T16:20:10","guid":{"rendered":"https:\/\/ifmvorientering.wordpress.com\/?p=17"},"modified":"2015-10-11T14:12:30","modified_gmt":"2015-10-11T12:12:30","slug":"vagn-38-ligger-langt-langt-bort","status":"publish","type":"post","link":"https:\/\/www.ifmarinvast.se\/orientering\/vagn-38-ligger-langt-langt-bort\/","title":{"rendered":"Vagn 38 ligger l\u00e5ngt, l\u00e5ngt bort"},"content":{"rendered":"<p>Vi fick g\u00e5 halvv\u00e4gs fr\u00e5n Gbg C till Alings\u00e5s f\u00f6r att komma till v\u00e5r vagn, s\u00e5 nu \u00e4r det inte s\u00e5 l\u00e5ngt att \u00e5ka. Mot Boden!<\/p>\n<p><img decoding=\"async\" title=\"DSC_0097.JPG\" class=\"alignnone\" alt=\"image\" src=\"http:\/\/ifmvorientering.files.wordpress.com\/2013\/07\/wpid-dsc_0097.jpg\" \/><\/p>\n<p><img decoding=\"async\" title=\"DSC_0098.JPG\" class=\"alignnone\" alt=\"image\" src=\"http:\/\/ifmvorientering.files.wordpress.com\/2013\/07\/wpid-dsc_0098.jpg\" \/><\/p>\n<p><img decoding=\"async\" title=\"DSC_0099.JPG\" class=\"alignnone\" alt=\"image\" src=\"http:\/\/ifmvorientering.files.wordpress.com\/2013\/07\/wpid-dsc_0099.jpg\" \/><\/p>\n","protected":false},"excerpt":{"rendered":"<p>Vi fick g\u00e5 halvv\u00e4gs fr\u00e5n Gbg C till Alings\u00e5s f\u00f6r att komma till v\u00e5r vagn, s\u00e5 nu \u00e4r det inte s\u00e5 l\u00e5ngt att \u00e5ka. Mot Boden!<\/p>\n","protected":false},"author":2,"featured_media":0,"comment_status":"open","ping_status":"open","sticky":false,"template":"","format":"chat","meta":{"footnotes":""},"categories":[263],"tags":[17,20,33,37,87,131,268,173,224,230],"class_list":["post-2192","post","type-post","status-publish","format-chat","hentry","category-bloggen","tag-17","tag-alingsas","tag-boden","tag-bort","tag-gbg-c","tag-langt","tag-o-ringen-boden-2013","tag-perrong","tag-tungt","tag-vagn","post_format-post-format-chat"],"_links":{"self":[{"href":"https:\/\/www.ifmarinvast.se\/orientering\/wp-json\/wp\/v2\/posts\/2192","targetHints":{"allow":["GET"]}}],"collection":[{"href":"https:\/\/www.ifmarinvast.se\/orientering\/wp-json\/wp\/v2\/posts"}],"about":[{"href":"https:\/\/www.ifmarinvast.se\/orientering\/wp-json\/wp\/v2\/types\/post"}],"author":[{"embeddable":true,"href":"https:\/\/www.ifmarinvast.se\/orientering\/wp-json\/wp\/v2\/users\/2"}],"replies":[{"embeddable":true,"href":"https:\/\/www.ifmarinvast.se\/orientering\/wp-json\/wp\/v2\/comments?post=2192"}],"version-history":[{"count":1,"href":"https:\/\/www.ifmarinvast.se\/orientering\/wp-json\/wp\/v2\/posts\/2192\/revisions"}],"predecessor-version":[{"id":2801,"href":"https:\/\/www.ifmarinvast.se\/orientering\/wp-json\/wp\/v2\/posts\/2192\/revisions\/2801"}],"wp:attachment":[{"href":"https:\/\/www.ifmarinvast.se\/orientering\/wp-json\/wp\/v2\/media?parent=2192"}],"wp:term":[{"taxonomy":"category","embeddable":true,"href":"https:\/\/www.ifmarinvast.se\/orientering\/wp-json\/wp\/v2\/categories?post=2192"},{"taxonomy":"post_tag","embeddable":true,"href":"https:\/\/www.ifmarinvast.se\/orientering\/wp-json\/wp\/v2\/tags?post=2192"}],"curies":[{"name":"wp","href":"https:\/\/api.w.org\/{rel}","templated":true}]}}