{"id":219,"date":"2013-07-26T09:01:44","date_gmt":"2013-07-26T07:01:44","guid":{"rendered":"https:\/\/ifmvorientering.wordpress.com\/?p=219"},"modified":"2015-10-11T14:11:56","modified_gmt":"2015-10-11T12:11:56","slug":"flyguppvisning","status":"publish","type":"post","link":"https:\/\/www.ifmarinvast.se\/orientering\/flyguppvisning\/","title":{"rendered":"Flyguppvisning"},"content":{"rendered":"<p>F\u00f6rsvarsmakten invigde sista etappen med en liten uppvisning. Pricken p\u00e5 himlen \u00f6ver A9 \u00e4r ett JAS som k\u00f6r lite fr\u00e4cka rollar &#8211; ett led i O-ringens milj\u00f6arrangemang.<\/p>\n<p><img decoding=\"async\" title=\"DSC_0269.JPG\" class=\"alignnone\" alt=\"image\" src=\"http:\/\/ifmvorientering.files.wordpress.com\/2013\/07\/wpid-dsc_0269.jpg\" \/><\/p>\n<p>\u00a0<\/p>\n","protected":false},"excerpt":{"rendered":"<p>F\u00f6rsvarsmakten invigde sista etappen med en liten uppvisning. Pricken p\u00e5 himlen \u00f6ver A9 \u00e4r ett JAS som k\u00f6r lite fr\u00e4cka rollar &#8211; ett led i O-ringens milj\u00f6arrangemang. \u00a0<\/p>\n","protected":false},"author":2,"featured_media":0,"comment_status":"open","ping_status":"open","sticky":false,"template":"","format":"standard","meta":{"footnotes":""},"categories":[263],"tags":[21,80,111,268],"class_list":["post-219","post","type-post","status-publish","format-standard","hentry","category-bloggen","tag-ambassador","tag-flyguppvisning","tag-jas","tag-o-ringen-boden-2013"],"_links":{"self":[{"href":"https:\/\/www.ifmarinvast.se\/orientering\/wp-json\/wp\/v2\/posts\/219","targetHints":{"allow":["GET"]}}],"collection":[{"href":"https:\/\/www.ifmarinvast.se\/orientering\/wp-json\/wp\/v2\/posts"}],"about":[{"href":"https:\/\/www.ifmarinvast.se\/orientering\/wp-json\/wp\/v2\/types\/post"}],"author":[{"embeddable":true,"href":"https:\/\/www.ifmarinvast.se\/orientering\/wp-json\/wp\/v2\/users\/2"}],"replies":[{"embeddable":true,"href":"https:\/\/www.ifmarinvast.se\/orientering\/wp-json\/wp\/v2\/comments?post=219"}],"version-history":[{"count":1,"href":"https:\/\/www.ifmarinvast.se\/orientering\/wp-json\/wp\/v2\/posts\/219\/revisions"}],"predecessor-version":[{"id":2960,"href":"https:\/\/www.ifmarinvast.se\/orientering\/wp-json\/wp\/v2\/posts\/219\/revisions\/2960"}],"wp:attachment":[{"href":"https:\/\/www.ifmarinvast.se\/orientering\/wp-json\/wp\/v2\/media?parent=219"}],"wp:term":[{"taxonomy":"category","embeddable":true,"href":"https:\/\/www.ifmarinvast.se\/orientering\/wp-json\/wp\/v2\/categories?post=219"},{"taxonomy":"post_tag","embeddable":true,"href":"https:\/\/www.ifmarinvast.se\/orientering\/wp-json\/wp\/v2\/tags?post=219"}],"curies":[{"name":"wp","href":"https:\/\/api.w.org\/{rel}","templated":true}]}}