{"id":214,"date":"2001-08-17T00:00:00","date_gmt":"2001-08-16T22:00:00","guid":{"rendered":"http:\/\/ifmarinvast.se\/2016\/bror-ar-allvarligt-sjuk\/"},"modified":"2015-10-11T14:48:07","modified_gmt":"2015-10-11T12:48:07","slug":"bror-ar-allvarligt-sjuk","status":"publish","type":"post","link":"https:\/\/www.ifmarinvast.se\/orientering\/bror-ar-allvarligt-sjuk\/","title":{"rendered":"Bror \u00e4r allvarligt sjuk"},"content":{"rendered":"<p>Klubben har tyv\u00e4rr drabbats av en mycket sorglig h\u00e4ndelse. V\u00e5r kass\u00f6r och st\u00f6ttepelare under m\u00e5nga \u00e5r Bror Larsson har drabbats av en stroke. Hans tillst\u00e5nd \u00e4r stabilt men han har drabbats av omfattande f\u00f6rlamningar. F\u00f6rhoppningsvis kommer dessa att sl\u00e4ppa \u00e5tminstone delvis men v\u00e4gen tillbaka kommer att vara l\u00e5ng och besv\u00e4rlig.<\/p>\n<p>Nu f\u00e5r vi visa att vi kan klara oss sj\u00e4lva \u00e4ven utan Brors direkta medverkan. Det kommer att bli sv\u00e5rt men om alla bidrar med insatser s\u00e5 skall vi v\u00e4l klara det.<\/p>\n<p>Till sist vill jag \u00e5 klubbens v\u00e4gnar framf\u00f6ra v\u00e5ra h\u00e4lsningar till Bror. Du finns i v\u00e5ra tankar! Med dina f\u00f6ruts\u00e4ttningar kommer du s\u00e4kert att klara \u00e4ven detta!<\/p>\n","protected":false},"excerpt":{"rendered":"<p>Klubben har tyv\u00e4rr drabbats av en mycket sorglig h\u00e4ndelse. V\u00e5r kass\u00f6r och st\u00f6ttepelare under m\u00e5nga \u00e5r Bror Larsson har drabbats av en stroke. Hans tillst\u00e5nd \u00e4r stabilt men han har [&hellip;]<\/p>\n","protected":false},"author":2,"featured_media":0,"comment_status":"open","ping_status":"open","sticky":false,"template":"","format":"standard","meta":{"footnotes":""},"categories":[262,1],"tags":[],"class_list":["post-214","post","type-post","status-publish","format-standard","hentry","category-nyheter","category-okategoriserade"],"_links":{"self":[{"href":"https:\/\/www.ifmarinvast.se\/orientering\/wp-json\/wp\/v2\/posts\/214","targetHints":{"allow":["GET"]}}],"collection":[{"href":"https:\/\/www.ifmarinvast.se\/orientering\/wp-json\/wp\/v2\/posts"}],"about":[{"href":"https:\/\/www.ifmarinvast.se\/orientering\/wp-json\/wp\/v2\/types\/post"}],"author":[{"embeddable":true,"href":"https:\/\/www.ifmarinvast.se\/orientering\/wp-json\/wp\/v2\/users\/2"}],"replies":[{"embeddable":true,"href":"https:\/\/www.ifmarinvast.se\/orientering\/wp-json\/wp\/v2\/comments?post=214"}],"version-history":[{"count":1,"href":"https:\/\/www.ifmarinvast.se\/orientering\/wp-json\/wp\/v2\/posts\/214\/revisions"}],"predecessor-version":[{"id":407,"href":"https:\/\/www.ifmarinvast.se\/orientering\/wp-json\/wp\/v2\/posts\/214\/revisions\/407"}],"wp:attachment":[{"href":"https:\/\/www.ifmarinvast.se\/orientering\/wp-json\/wp\/v2\/media?parent=214"}],"wp:term":[{"taxonomy":"category","embeddable":true,"href":"https:\/\/www.ifmarinvast.se\/orientering\/wp-json\/wp\/v2\/categories?post=214"},{"taxonomy":"post_tag","embeddable":true,"href":"https:\/\/www.ifmarinvast.se\/orientering\/wp-json\/wp\/v2\/tags?post=214"}],"curies":[{"name":"wp","href":"https:\/\/api.w.org\/{rel}","templated":true}]}}