{"id":212,"date":"2001-08-16T00:00:00","date_gmt":"2001-08-15T22:00:00","guid":{"rendered":"http:\/\/ifmarinvast.se\/2016\/schemat-ar-tillbaka\/"},"modified":"2015-10-11T14:48:08","modified_gmt":"2015-10-11T12:48:08","slug":"schemat-ar-tillbaka","status":"publish","type":"post","link":"https:\/\/www.ifmarinvast.se\/orientering\/schemat-ar-tillbaka\/","title":{"rendered":"Schemat \u00e4r tillbaka"},"content":{"rendered":"<p>Veckoschemat som vi hade f\u00f6r ett och ett halvt \u00e5r sedan har kommit tillbaka. Till h\u00f6ger h\u00e4r p\u00e5 f\u00f6rstasidan finns ett schema \u00f6ver de tv\u00e5 n\u00e4rmaste veckorna. Den bl\u00e5 raden \u00e4r idag, l\u00f6rdagar \u00e4r r\u00f6da och s\u00f6ndagar \u00e4r r\u00f6dare. I schemat finns aktuella h\u00e4ndelser, BA, TR, och T\u00c4s aktiviteter, t\u00e4vlingar, st\u00e4dtillf\u00e4llen och n\u00e4r du skall anm\u00e4la dig till en t\u00e4vling. Vill du se hela h\u00f6stens schema? <a href='kalender.asp'>G\u00e5 till kalendern \u00bb<\/a><\/p>\n","protected":false},"excerpt":{"rendered":"<p>Veckoschemat som vi hade f\u00f6r ett och ett halvt \u00e5r sedan har kommit tillbaka. Till h\u00f6ger h\u00e4r p\u00e5 f\u00f6rstasidan finns ett schema \u00f6ver de tv\u00e5 n\u00e4rmaste veckorna. Den bl\u00e5 raden [&hellip;]<\/p>\n","protected":false},"author":2,"featured_media":0,"comment_status":"open","ping_status":"open","sticky":false,"template":"","format":"standard","meta":{"footnotes":""},"categories":[262,1],"tags":[],"class_list":["post-212","post","type-post","status-publish","format-standard","hentry","category-nyheter","category-okategoriserade"],"_links":{"self":[{"href":"https:\/\/www.ifmarinvast.se\/orientering\/wp-json\/wp\/v2\/posts\/212","targetHints":{"allow":["GET"]}}],"collection":[{"href":"https:\/\/www.ifmarinvast.se\/orientering\/wp-json\/wp\/v2\/posts"}],"about":[{"href":"https:\/\/www.ifmarinvast.se\/orientering\/wp-json\/wp\/v2\/types\/post"}],"author":[{"embeddable":true,"href":"https:\/\/www.ifmarinvast.se\/orientering\/wp-json\/wp\/v2\/users\/2"}],"replies":[{"embeddable":true,"href":"https:\/\/www.ifmarinvast.se\/orientering\/wp-json\/wp\/v2\/comments?post=212"}],"version-history":[{"count":2,"href":"https:\/\/www.ifmarinvast.se\/orientering\/wp-json\/wp\/v2\/posts\/212\/revisions"}],"predecessor-version":[{"id":1574,"href":"https:\/\/www.ifmarinvast.se\/orientering\/wp-json\/wp\/v2\/posts\/212\/revisions\/1574"}],"wp:attachment":[{"href":"https:\/\/www.ifmarinvast.se\/orientering\/wp-json\/wp\/v2\/media?parent=212"}],"wp:term":[{"taxonomy":"category","embeddable":true,"href":"https:\/\/www.ifmarinvast.se\/orientering\/wp-json\/wp\/v2\/categories?post=212"},{"taxonomy":"post_tag","embeddable":true,"href":"https:\/\/www.ifmarinvast.se\/orientering\/wp-json\/wp\/v2\/tags?post=212"}],"curies":[{"name":"wp","href":"https:\/\/api.w.org\/{rel}","templated":true}]}}