{"id":209,"date":"2001-08-12T00:00:00","date_gmt":"2001-08-11T22:00:00","guid":{"rendered":"http:\/\/ifmarinvast.se\/2016\/109\/"},"modified":"2015-10-11T14:48:08","modified_gmt":"2015-10-11T12:48:08","slug":"109","status":"publish","type":"post","link":"https:\/\/www.ifmarinvast.se\/orientering\/109\/","title":{"rendered":"M\u00e5ndag den 20 augusti kommer IF Marin V\u00e4sts enga&#8230;"},"content":{"rendered":"<p>M\u00e5ndag den 20 augusti kommer IF Marin V\u00e4sts engagemang i O-ringen 2004 att diskuteras i ett \u201d\u00f6ppet\u201d styrelsem\u00f6te dit ett utvalt antal av OL-sektionens medlemmar kommer att kallas. M\u00f6tet b\u00f6rjar kl 18.30 i klubbstugan och \u00e4ven du \u00e4r v\u00e4lkommen att delta. Anm\u00e4l intresse till <a href='mailto:bengt@ifmv.nu'>Bengt Dellming<\/a> n\u00e5gra dagar i f\u00f6rv\u00e4g.<\/p>\n","protected":false},"excerpt":{"rendered":"<p>M\u00e5ndag den 20 augusti kommer IF Marin V\u00e4sts engagemang i O-ringen 2004 att diskuteras i ett \u201d\u00f6ppet\u201d styrelsem\u00f6te dit ett utvalt antal av OL-sektionens medlemmar kommer att kallas. M\u00f6tet b\u00f6rjar [&hellip;]<\/p>\n","protected":false},"author":2,"featured_media":0,"comment_status":"open","ping_status":"open","sticky":false,"template":"","format":"standard","meta":{"footnotes":""},"categories":[262,1],"tags":[],"class_list":["post-209","post","type-post","status-publish","format-standard","hentry","category-nyheter","category-okategoriserade"],"_links":{"self":[{"href":"https:\/\/www.ifmarinvast.se\/orientering\/wp-json\/wp\/v2\/posts\/209","targetHints":{"allow":["GET"]}}],"collection":[{"href":"https:\/\/www.ifmarinvast.se\/orientering\/wp-json\/wp\/v2\/posts"}],"about":[{"href":"https:\/\/www.ifmarinvast.se\/orientering\/wp-json\/wp\/v2\/types\/post"}],"author":[{"embeddable":true,"href":"https:\/\/www.ifmarinvast.se\/orientering\/wp-json\/wp\/v2\/users\/2"}],"replies":[{"embeddable":true,"href":"https:\/\/www.ifmarinvast.se\/orientering\/wp-json\/wp\/v2\/comments?post=209"}],"version-history":[{"count":2,"href":"https:\/\/www.ifmarinvast.se\/orientering\/wp-json\/wp\/v2\/posts\/209\/revisions"}],"predecessor-version":[{"id":1573,"href":"https:\/\/www.ifmarinvast.se\/orientering\/wp-json\/wp\/v2\/posts\/209\/revisions\/1573"}],"wp:attachment":[{"href":"https:\/\/www.ifmarinvast.se\/orientering\/wp-json\/wp\/v2\/media?parent=209"}],"wp:term":[{"taxonomy":"category","embeddable":true,"href":"https:\/\/www.ifmarinvast.se\/orientering\/wp-json\/wp\/v2\/categories?post=209"},{"taxonomy":"post_tag","embeddable":true,"href":"https:\/\/www.ifmarinvast.se\/orientering\/wp-json\/wp\/v2\/tags?post=209"}],"curies":[{"name":"wp","href":"https:\/\/api.w.org\/{rel}","templated":true}]}}