{"id":2081,"date":"2015-07-28T12:42:08","date_gmt":"2015-07-28T10:42:08","guid":{"rendered":"http:\/\/www.ifmarinvast.se\/2016\/?p=2081"},"modified":"2015-10-11T14:13:03","modified_gmt":"2015-10-11T12:13:03","slug":"o-ringen-over-for-denna-gang","status":"publish","type":"post","link":"https:\/\/www.ifmarinvast.se\/orientering\/o-ringen-over-for-denna-gang\/","title":{"rendered":"O-ringen \u00f6ver f\u00f6r denna g\u00e5ng"},"content":{"rendered":"<p><strong>Tack alla nya och gamla Marin V\u00e4stare som var med och f\u00f6rgyllde v\u00e5r vecka i Bor\u00e5s! <\/strong><\/p>\n<div id=\"MainDiv\" class=\"clearfix\">\n<div id=\"CenterDiv\">\n<div class=\"PaddingDiv\">\n<div class=\"PageBodyDiv\">\n<div>\n<div>\n<p>Ett s\u00e4rskilt tack till Karin och G\u00f6sta som fixade klubboendet, Gunnar som l\u00e5nade ut sl\u00e4pk\u00e4rran till cyklarna och Ola som k\u00f6rde densamma och var grillm\u00e4stare i klubboendet. Och f\u00f6rst\u00e5s alla deltagare, d\u00e4r ingen br\u00f6t n\u00e5gon etapp p\u00e5 hela veckan och m\u00e5nga dessutom klarade l\u00e4ngre och sv\u00e5rare banor \u00e4n tidigare!<\/p>\n<p>L\u00e4s g\u00e4rna mer om v\u00e5ra prestationer och vem som tog hem Ras, Raket osch Spurtpris p\u00e5 v\u00e5r reseblogg <a href=\"https:\/\/ifmvorientering.wordpress.com\" target=\"_blank\">https:\/\/ifmvorientering.wordpress.com<\/a><\/p>\n<p>Skribent:\u00a0Linda Martinsson<\/p>\n<\/div>\n<\/div>\n<\/div>\n<p><span id=\"ctl00_fullRegion_leftandmainRegion_startpageleftandmainRegion_mainWideRegion_GenericInfoRegion_ctl00_ErrorMessageLabel\"><\/span><\/div>\n<\/div>\n<\/div>\n","protected":false},"excerpt":{"rendered":"<p>Tack alla nya och gamla Marin V\u00e4stare som var med och f\u00f6rgyllde v\u00e5r vecka i Bor\u00e5s! Ett s\u00e4rskilt tack till Karin och G\u00f6sta som fixade klubboendet, Gunnar som l\u00e5nade ut [&hellip;]<\/p>\n","protected":false},"author":1,"featured_media":2082,"comment_status":"open","ping_status":"open","sticky":false,"template":"","format":"standard","meta":{"footnotes":""},"categories":[263],"tags":[269],"class_list":["post-2081","post","type-post","status-publish","format-standard","has-post-thumbnail","hentry","category-bloggen","tag-o-ringen-boras-2015"],"_links":{"self":[{"href":"https:\/\/www.ifmarinvast.se\/orientering\/wp-json\/wp\/v2\/posts\/2081","targetHints":{"allow":["GET"]}}],"collection":[{"href":"https:\/\/www.ifmarinvast.se\/orientering\/wp-json\/wp\/v2\/posts"}],"about":[{"href":"https:\/\/www.ifmarinvast.se\/orientering\/wp-json\/wp\/v2\/types\/post"}],"author":[{"embeddable":true,"href":"https:\/\/www.ifmarinvast.se\/orientering\/wp-json\/wp\/v2\/users\/1"}],"replies":[{"embeddable":true,"href":"https:\/\/www.ifmarinvast.se\/orientering\/wp-json\/wp\/v2\/comments?post=2081"}],"version-history":[{"count":1,"href":"https:\/\/www.ifmarinvast.se\/orientering\/wp-json\/wp\/v2\/posts\/2081\/revisions"}],"predecessor-version":[{"id":2083,"href":"https:\/\/www.ifmarinvast.se\/orientering\/wp-json\/wp\/v2\/posts\/2081\/revisions\/2083"}],"wp:featuredmedia":[{"embeddable":true,"href":"https:\/\/www.ifmarinvast.se\/orientering\/wp-json\/wp\/v2\/media\/2082"}],"wp:attachment":[{"href":"https:\/\/www.ifmarinvast.se\/orientering\/wp-json\/wp\/v2\/media?parent=2081"}],"wp:term":[{"taxonomy":"category","embeddable":true,"href":"https:\/\/www.ifmarinvast.se\/orientering\/wp-json\/wp\/v2\/categories?post=2081"},{"taxonomy":"post_tag","embeddable":true,"href":"https:\/\/www.ifmarinvast.se\/orientering\/wp-json\/wp\/v2\/tags?post=2081"}],"curies":[{"name":"wp","href":"https:\/\/api.w.org\/{rel}","templated":true}]}}