{"id":206,"date":"2001-08-12T00:00:00","date_gmt":"2001-08-11T22:00:00","guid":{"rendered":"http:\/\/ifmarinvast.se\/2016\/lager-lager-lager\/"},"modified":"2015-10-11T14:48:08","modified_gmt":"2015-10-11T12:48:08","slug":"lager-lager-lager","status":"publish","type":"post","link":"https:\/\/www.ifmarinvast.se\/orientering\/lager-lager-lager\/","title":{"rendered":"L\u00e4ger, l\u00e4ger, l\u00e4ger!"},"content":{"rendered":"<p>Nu \u00e4r det dags igen! Dags att packa v\u00e4skorna och ge sig av ut till den f\u00f6re detta karant\u00e4ns\u00f6n K\u00e4ns\u00f6. Kort sagt: Dags f\u00f6r IFMVs h\u00f6stl\u00e4ger f\u00f6r BA, TR och T\u00c4.<br \/>Anm\u00e4l dig till <a href='\/aktuellt\/lager2001.asp'>L\u00e4ger 2001<\/a>.<\/p>\n","protected":false},"excerpt":{"rendered":"<p>Nu \u00e4r det dags igen! Dags att packa v\u00e4skorna och ge sig av ut till den f\u00f6re detta karant\u00e4ns\u00f6n K\u00e4ns\u00f6. Kort sagt: Dags f\u00f6r IFMVs h\u00f6stl\u00e4ger f\u00f6r BA, TR och [&hellip;]<\/p>\n","protected":false},"author":2,"featured_media":0,"comment_status":"open","ping_status":"open","sticky":false,"template":"","format":"standard","meta":{"footnotes":""},"categories":[262,1],"tags":[],"class_list":["post-206","post","type-post","status-publish","format-standard","hentry","category-nyheter","category-okategoriserade"],"_links":{"self":[{"href":"https:\/\/www.ifmarinvast.se\/orientering\/wp-json\/wp\/v2\/posts\/206","targetHints":{"allow":["GET"]}}],"collection":[{"href":"https:\/\/www.ifmarinvast.se\/orientering\/wp-json\/wp\/v2\/posts"}],"about":[{"href":"https:\/\/www.ifmarinvast.se\/orientering\/wp-json\/wp\/v2\/types\/post"}],"author":[{"embeddable":true,"href":"https:\/\/www.ifmarinvast.se\/orientering\/wp-json\/wp\/v2\/users\/2"}],"replies":[{"embeddable":true,"href":"https:\/\/www.ifmarinvast.se\/orientering\/wp-json\/wp\/v2\/comments?post=206"}],"version-history":[{"count":2,"href":"https:\/\/www.ifmarinvast.se\/orientering\/wp-json\/wp\/v2\/posts\/206\/revisions"}],"predecessor-version":[{"id":1572,"href":"https:\/\/www.ifmarinvast.se\/orientering\/wp-json\/wp\/v2\/posts\/206\/revisions\/1572"}],"wp:attachment":[{"href":"https:\/\/www.ifmarinvast.se\/orientering\/wp-json\/wp\/v2\/media?parent=206"}],"wp:term":[{"taxonomy":"category","embeddable":true,"href":"https:\/\/www.ifmarinvast.se\/orientering\/wp-json\/wp\/v2\/categories?post=206"},{"taxonomy":"post_tag","embeddable":true,"href":"https:\/\/www.ifmarinvast.se\/orientering\/wp-json\/wp\/v2\/tags?post=206"}],"curies":[{"name":"wp","href":"https:\/\/api.w.org\/{rel}","templated":true}]}}